{"id":11614,"date":"2025-08-28T19:03:17","date_gmt":"2025-08-28T22:03:17","guid":{"rendered":"https:\/\/www.flane.com.pa\/blog\/?p=11614"},"modified":"2025-09-10T19:04:03","modified_gmt":"2025-09-10T22:04:03","slug":"data-centers-sostenibles-el-futuro-verde-de-la-infraestructura-en-america-latina","status":"publish","type":"post","link":"https:\/\/www.flane.com.pa\/blog\/es\/data-centers-sostenibles-el-futuro-verde-de-la-infraestructura-en-america-latina\/","title":{"rendered":"Data Centers sostenibles: el futuro verde de la infraestructura en Am\u00e9rica Latina"},"content":{"rendered":"<span class=\"span-reading-time rt-reading-time\" style=\"display: block;\"><span class=\"rt-label rt-prefix\">Reading time: <\/span> <span class=\"rt-time\"> 2<\/span> <span class=\"rt-label rt-postfix\">minutes - <\/span><\/span><section class=\"l-section wpb_row height_small\"><div class=\"l-section-h i-cf\"><div class=\"g-cols vc_row via_flex valign_top type_default stacking_default\"><div class=\"vc_col-sm-12 wpb_column vc_column_container\"><div class=\"vc_column-inner\"><div class=\"wpb_wrapper\"><div class=\"wpb_text_column\"><div class=\"wpb_wrapper\"><p>En los \u00faltimos a\u00f1os, la <strong data-start=\"248\" data-end=\"292\">transformaci\u00f3n digital en Am\u00e9rica Latina<\/strong> ha impulsado una creciente demanda por servicios en la nube, inteligencia artificial y big data. Detr\u00e1s de esta revoluci\u00f3n tecnol\u00f3gica, los <strong data-start=\"433\" data-end=\"449\">data centers<\/strong> se han convertido en el coraz\u00f3n de las operaciones empresariales modernas. Sin embargo, tambi\u00e9n representan un desaf\u00edo ambiental: el alto consumo energ\u00e9tico y la huella de carbono. Frente a este panorama, surge una tendencia clave: los <strong data-start=\"686\" data-end=\"714\">data centers sostenibles<\/strong>.<\/p>\n<\/div><\/div><\/div><\/div><\/div><\/div><\/div><\/section><section class=\"l-section wpb_row height_small\"><div class=\"l-section-h i-cf\"><div class=\"g-cols vc_row via_flex valign_top type_default stacking_default\"><div class=\"vc_col-sm-12 wpb_column vc_column_container\"><div class=\"vc_column-inner\"><div class=\"wpb_wrapper\"><div class=\"wpb_text_column\"><div class=\"wpb_wrapper\"><h2 data-start=\"719\" data-end=\"758\">\u00bfQu\u00e9 es un Data Center sostenible?<\/h2>\n<p data-start=\"759\" data-end=\"1101\">Un <strong data-start=\"762\" data-end=\"788\">data center sostenible<\/strong> es aquel dise\u00f1ado para reducir su impacto ambiental mediante el uso eficiente de energ\u00eda, agua y materiales. Esto incluye desde la incorporaci\u00f3n de energ\u00edas renovables (solar, e\u00f3lica o hidroel\u00e9ctrica) hasta la implementaci\u00f3n de tecnolog\u00edas de enfriamiento m\u00e1s eficientes y el reciclaje de equipos tecnol\u00f3gicos.<\/p>\n<p data-start=\"1103\" data-end=\"1324\">La sostenibilidad ya no es solo una ventaja competitiva, sino una necesidad para cumplir con regulaciones internacionales, atraer inversionistas y responder a consumidores cada vez m\u00e1s conscientes del impacto ambiental.<\/p>\n<\/div><\/div><\/div><\/div><\/div><\/div><\/div><\/section><section class=\"l-section wpb_row height_small\"><div class=\"l-section-h i-cf\"><div class=\"g-cols vc_row via_flex valign_top type_default stacking_default\"><div class=\"vc_col-sm-12 wpb_column vc_column_container\"><div class=\"vc_column-inner\"><div class=\"wpb_wrapper\"><div class=\"g-cols wpb_row via_flex valign_top type_default stacking_default\"><div class=\"vc_col-sm-12 wpb_column vc_column_container\"><div class=\"vc_column-inner\"><div class=\"wpb_wrapper\"><div class=\"w-separator size_medium\"><\/div><div class=\"wpb_text_column\"><div class=\"wpb_wrapper\"><ul>\n<li>\n<h4><strong><a href=\"https:\/\/www.flane.com.pa\/datacenter\" target=\"_blank\" rel=\"noopener\">\u00bfQuieres ser un experto en Centros de Datos? Consulta el portafolio de entrenamientos y certificaciones de Fast Lane.<br \/>\n<\/a><\/strong><\/h4>\n<\/li>\n<li>\n<h4><a href=\"https:\/\/www.flane.com.pa\/blog\/es\/newsletter\/\" target=\"_blank\" rel=\"noopener\">Suscr\u00edbete al newsletter TechTalk y mantente informado de todo.<\/a><\/h4>\n<\/li>\n<\/ul>\n<\/div><\/div><div class=\"w-separator size_medium\"><\/div><\/div><\/div><\/div><\/div><\/div><\/div><\/div><\/div><\/div><\/section><section class=\"l-section wpb_row height_small\"><div class=\"l-section-h i-cf\"><div class=\"g-cols vc_row via_flex valign_top type_default stacking_default\"><div class=\"vc_col-sm-12 wpb_column vc_column_container\"><div class=\"vc_column-inner\"><div class=\"wpb_wrapper\"><div class=\"wpb_text_column\"><div class=\"wpb_wrapper\"><h2 data-start=\"1326\" data-end=\"1364\">El futuro verde en Am\u00e9rica Latina<\/h2>\n<p data-start=\"1365\" data-end=\"1673\">La regi\u00f3n est\u00e1 dando pasos firmes hacia este cambio. Pa\u00edses como Brasil, M\u00e9xico, Chile y Colombia est\u00e1n recibiendo inversiones millonarias de gigantes tecnol\u00f3gicos como Google, Microsoft y AWS, quienes ven en <strong data-start=\"1574\" data-end=\"1606\">Latam un mercado estrat\u00e9gico<\/strong> para implementar centros de datos con <strong data-start=\"1645\" data-end=\"1670\">infraestructura verde<\/strong>.<\/p>\n<p data-start=\"1675\" data-end=\"2020\">Por ejemplo, Chile est\u00e1 apostando por proyectos de data centers alimentados 100% con energ\u00edas renovables, mientras que Brasil avanza en regulaciones que fomentan el uso responsable de recursos. Estas iniciativas no solo reducen emisiones, sino que tambi\u00e9n permiten a las empresas locales acceder a servicios de TI m\u00e1s sostenibles y confiables.<\/p>\n<\/div><\/div><\/div><\/div><\/div><\/div><\/div><\/section><section class=\"l-section wpb_row height_small\"><div class=\"l-section-h i-cf\"><div class=\"g-cols vc_row via_flex valign_top type_default stacking_default\"><div class=\"vc_col-sm-12 wpb_column vc_column_container\"><div class=\"vc_column-inner\"><div class=\"wpb_wrapper\"><div class=\"wpb_text_column\"><div class=\"wpb_wrapper\"><h2 data-start=\"2022\" data-end=\"2055\">Beneficios para las empresas<\/h2>\n<p data-start=\"2056\" data-end=\"2142\">Adoptar servicios basados en <strong data-start=\"2085\" data-end=\"2113\">data centers sostenibles<\/strong> ofrece m\u00faltiples ventajas:<\/p>\n<ul data-start=\"2144\" data-end=\"2511\">\n<li data-start=\"2144\" data-end=\"2219\">\n<p data-start=\"2146\" data-end=\"2219\"><strong data-start=\"2146\" data-end=\"2181\">Reducci\u00f3n de costos operativos:<\/strong> al optimizar el consumo energ\u00e9tico.<\/p>\n<\/li>\n<li data-start=\"2220\" data-end=\"2316\">\n<p data-start=\"2222\" data-end=\"2316\"><strong data-start=\"2222\" data-end=\"2249\">Cumplimiento normativo:<\/strong> adaptaci\u00f3n a regulaciones ambientales locales e internacionales.<\/p>\n<\/li>\n<li data-start=\"2317\" data-end=\"2433\">\n<p data-start=\"2319\" data-end=\"2433\"><strong data-start=\"2319\" data-end=\"2343\">Reputaci\u00f3n de marca:<\/strong> mostrar compromiso con la sostenibilidad genera confianza en clientes e inversionistas.<\/p>\n<\/li>\n<li data-start=\"2434\" data-end=\"2511\">\n<p data-start=\"2436\" data-end=\"2511\"><strong data-start=\"2436\" data-end=\"2460\">Innovaci\u00f3n continua:<\/strong> acceso a tecnolog\u00edas m\u00e1s modernas y resilientes.<\/p>\n<\/li>\n<\/ul>\n<\/div><\/div><\/div><\/div><\/div><\/div><\/div><\/section><section class=\"l-section wpb_row height_small\"><div class=\"l-section-h i-cf\"><div class=\"g-cols vc_row via_flex valign_top type_default stacking_default\"><div class=\"vc_col-sm-12 wpb_column vc_column_container\"><div class=\"vc_column-inner\"><div class=\"wpb_wrapper\"><div class=\"wpb_text_column\"><div class=\"wpb_wrapper\"><p data-start=\"2529\" data-end=\"2825\">Los <strong data-start=\"2533\" data-end=\"2579\">data centers sostenibles en Am\u00e9rica Latina<\/strong> representan un paso fundamental hacia un <strong data-start=\"2621\" data-end=\"2651\">futuro digital responsable<\/strong>. A medida que las empresas de la regi\u00f3n buscan crecer en la nube, la eficiencia energ\u00e9tica y la reducci\u00f3n de la huella ambiental ser\u00e1n claves para mantenerse competitivas.<\/p>\n<p data-start=\"2827\" data-end=\"2989\">Invertir en infraestructura verde no solo significa cuidar el planeta, sino tambi\u00e9n garantizar la resiliencia y la innovaci\u00f3n de los negocios en la era digital.<\/p>\n<\/div><\/div><\/div><\/div><\/div><\/div><\/div><\/section>\n","protected":false},"excerpt":{"rendered":"En los \u00faltimos a\u00f1os, la transformaci\u00f3n digital en Am\u00e9rica Latina ha impulsado una creciente demanda por servicios en la nube, inteligencia artificial y big data. Detr\u00e1s de esta revoluci\u00f3n tecnol\u00f3gica, los data centers se han convertido en el coraz\u00f3n de las operaciones empresariales modernas. Sin embargo, tambi\u00e9n representan un desaf\u00edo ambiental: el alto consumo energ\u00e9tico...","protected":false},"author":11,"featured_media":11615,"comment_status":"closed","ping_status":"closed","sticky":false,"template":"","format":"standard","meta":{"_acf_changed":false,"footnotes":""},"categories":[1795,1813,1928,1801,1797],"tags":[386,26,140,56,128,21,254,574,259,84,421],"class_list":["post-11614","post","type-post","status-publish","format-standard","has-post-thumbnail","hentry","category-aws","category-bigdata","category-certification","category-google","category-microsoft","tag-big-data","tag-cloud","tag-digitalizacion","tag-fast-lane","tag-fast-lane-blog","tag-fast-lane-latam","tag-fast-lane-news","tag-innovacion","tag-machine-learning","tag-security","tag-transformacion-digital"],"acf":[],"yoast_head":"<!-- This site is optimized with the Yoast SEO plugin v26.6 - https:\/\/yoast.com\/wordpress\/plugins\/seo\/ -->\n<title>Data Centers sostenibles: el futuro verde de la infraestructura en Am\u00e9rica Latina - TechTalk powered by Fast Lane LATAM<\/title>\n<meta name=\"robots\" content=\"index, follow, max-snippet:-1, max-image-preview:large, max-video-preview:-1\" \/>\n<link rel=\"canonical\" href=\"https:\/\/www.flane.com.pa\/blog\/es\/data-centers-sostenibles-el-futuro-verde-de-la-infraestructura-en-america-latina\/\" \/>\n<meta property=\"og:locale\" content=\"pt_BR\" \/>\n<meta property=\"og:type\" content=\"article\" \/>\n<meta property=\"og:title\" content=\"Data Centers sostenibles: el futuro verde de la infraestructura en Am\u00e9rica Latina - TechTalk powered by Fast Lane LATAM\" \/>\n<meta property=\"og:url\" content=\"https:\/\/www.flane.com.pa\/blog\/es\/data-centers-sostenibles-el-futuro-verde-de-la-infraestructura-en-america-latina\/\" \/>\n<meta property=\"og:site_name\" content=\"TechTalk powered by Fast Lane LATAM\" \/>\n<meta property=\"article:publisher\" content=\"https:\/\/www.facebook.com\/FastLane.br\" \/>\n<meta property=\"article:published_time\" content=\"2025-08-28T22:03:17+00:00\" \/>\n<meta property=\"article:modified_time\" content=\"2025-09-10T22:04:03+00:00\" \/>\n<meta property=\"og:image\" content=\"https:\/\/www.flane.com.pa\/blog\/wp-content\/uploads\/2025\/09\/Data-Centers-sostenibles-el-futuro-verde-de-la-infraestructura-en-America-Latina-1024x576.png\" \/>\n\t<meta property=\"og:image:width\" content=\"1024\" \/>\n\t<meta property=\"og:image:height\" content=\"576\" \/>\n\t<meta property=\"og:image:type\" content=\"image\/png\" \/>\n<meta name=\"author\" content=\"Mayra Toullier\" \/>\n<meta name=\"twitter:card\" content=\"summary_large_image\" \/>\n<meta name=\"twitter:creator\" content=\"@FastLaneBr\" \/>\n<meta name=\"twitter:site\" content=\"@FastLaneBr\" \/>\n<meta name=\"twitter:label1\" content=\"Escrito por\" \/>\n\t<meta name=\"twitter:data1\" content=\"Mayra Toullier\" \/>\n\t<meta name=\"twitter:label2\" content=\"Est. tempo de leitura\" \/>\n\t<meta name=\"twitter:data2\" content=\"3 minutos\" \/>\n<script type=\"application\/ld+json\" class=\"yoast-schema-graph\">{\"@context\":\"https:\/\/schema.org\",\"@graph\":[{\"@type\":\"Article\",\"@id\":\"https:\/\/www.flane.com.pa\/blog\/es\/data-centers-sostenibles-el-futuro-verde-de-la-infraestructura-en-america-latina\/#article\",\"isPartOf\":{\"@id\":\"https:\/\/www.flane.com.pa\/blog\/es\/data-centers-sostenibles-el-futuro-verde-de-la-infraestructura-en-america-latina\/\"},\"author\":{\"name\":\"Mayra Toullier\",\"@id\":\"https:\/\/www.flane.com.pa\/blog\/#\/schema\/person\/9ca04e8669e599937e2b1cb1089c15cf\"},\"headline\":\"Data Centers sostenibles: el futuro verde de la infraestructura en Am\u00e9rica Latina\",\"datePublished\":\"2025-08-28T22:03:17+00:00\",\"dateModified\":\"2025-09-10T22:04:03+00:00\",\"mainEntityOfPage\":{\"@id\":\"https:\/\/www.flane.com.pa\/blog\/es\/data-centers-sostenibles-el-futuro-verde-de-la-infraestructura-en-america-latina\/\"},\"wordCount\":566,\"publisher\":{\"@id\":\"https:\/\/www.flane.com.pa\/blog\/#organization\"},\"image\":{\"@id\":\"https:\/\/www.flane.com.pa\/blog\/es\/data-centers-sostenibles-el-futuro-verde-de-la-infraestructura-en-america-latina\/#primaryimage\"},\"thumbnailUrl\":\"https:\/\/www.flane.com.pa\/blog\/wp-content\/uploads\/2025\/09\/Data-Centers-sostenibles-el-futuro-verde-de-la-infraestructura-en-America-Latina.png\",\"keywords\":[\"Big data\",\"Cloud\",\"Digitalizaci\u00f3n\",\"Fast Lane\",\"Fast Lane Blog\",\"Fast Lane LATAM\",\"Fast Lane News\",\"innovaci\u00f3n\",\"Machine Learning\",\"Security\",\"Transformaci\u00f3n digital\"],\"articleSection\":[\"AWS\",\"Big Data\",\"Certification\",\"Google\",\"Microsoft\"],\"inLanguage\":\"pt-BR\"},{\"@type\":\"WebPage\",\"@id\":\"https:\/\/www.flane.com.pa\/blog\/es\/data-centers-sostenibles-el-futuro-verde-de-la-infraestructura-en-america-latina\/\",\"url\":\"https:\/\/www.flane.com.pa\/blog\/es\/data-centers-sostenibles-el-futuro-verde-de-la-infraestructura-en-america-latina\/\",\"name\":\"Data Centers sostenibles: el futuro verde de la infraestructura en Am\u00e9rica Latina - TechTalk powered by Fast Lane LATAM\",\"isPartOf\":{\"@id\":\"https:\/\/www.flane.com.pa\/blog\/#website\"},\"primaryImageOfPage\":{\"@id\":\"https:\/\/www.flane.com.pa\/blog\/es\/data-centers-sostenibles-el-futuro-verde-de-la-infraestructura-en-america-latina\/#primaryimage\"},\"image\":{\"@id\":\"https:\/\/www.flane.com.pa\/blog\/es\/data-centers-sostenibles-el-futuro-verde-de-la-infraestructura-en-america-latina\/#primaryimage\"},\"thumbnailUrl\":\"https:\/\/www.flane.com.pa\/blog\/wp-content\/uploads\/2025\/09\/Data-Centers-sostenibles-el-futuro-verde-de-la-infraestructura-en-America-Latina.png\",\"datePublished\":\"2025-08-28T22:03:17+00:00\",\"dateModified\":\"2025-09-10T22:04:03+00:00\",\"breadcrumb\":{\"@id\":\"https:\/\/www.flane.com.pa\/blog\/es\/data-centers-sostenibles-el-futuro-verde-de-la-infraestructura-en-america-latina\/#breadcrumb\"},\"inLanguage\":\"pt-BR\",\"potentialAction\":[{\"@type\":\"ReadAction\",\"target\":[\"https:\/\/www.flane.com.pa\/blog\/es\/data-centers-sostenibles-el-futuro-verde-de-la-infraestructura-en-america-latina\/\"]}]},{\"@type\":\"ImageObject\",\"inLanguage\":\"pt-BR\",\"@id\":\"https:\/\/www.flane.com.pa\/blog\/es\/data-centers-sostenibles-el-futuro-verde-de-la-infraestructura-en-america-latina\/#primaryimage\",\"url\":\"https:\/\/www.flane.com.pa\/blog\/wp-content\/uploads\/2025\/09\/Data-Centers-sostenibles-el-futuro-verde-de-la-infraestructura-en-America-Latina.png\",\"contentUrl\":\"https:\/\/www.flane.com.pa\/blog\/wp-content\/uploads\/2025\/09\/Data-Centers-sostenibles-el-futuro-verde-de-la-infraestructura-en-America-Latina.png\",\"width\":1280,\"height\":720},{\"@type\":\"BreadcrumbList\",\"@id\":\"https:\/\/www.flane.com.pa\/blog\/es\/data-centers-sostenibles-el-futuro-verde-de-la-infraestructura-en-america-latina\/#breadcrumb\",\"itemListElement\":[{\"@type\":\"ListItem\",\"position\":1,\"name\":\"Home\",\"item\":\"https:\/\/www.flane.com.pa\/blog\/es\/\"},{\"@type\":\"ListItem\",\"position\":2,\"name\":\"Data Centers sostenibles: el futuro verde de la infraestructura en Am\u00e9rica Latina\"}]},{\"@type\":\"WebSite\",\"@id\":\"https:\/\/www.flane.com.pa\/blog\/#website\",\"url\":\"https:\/\/www.flane.com.pa\/blog\/\",\"name\":\"TechTalk powered by Fast Lane LATAM\",\"description\":\"Sharing ideas and knowledge on IT training and certification\",\"publisher\":{\"@id\":\"https:\/\/www.flane.com.pa\/blog\/#organization\"},\"potentialAction\":[{\"@type\":\"SearchAction\",\"target\":{\"@type\":\"EntryPoint\",\"urlTemplate\":\"https:\/\/www.flane.com.pa\/blog\/?s={search_term_string}\"},\"query-input\":{\"@type\":\"PropertyValueSpecification\",\"valueRequired\":true,\"valueName\":\"search_term_string\"}}],\"inLanguage\":\"pt-BR\"},{\"@type\":\"Organization\",\"@id\":\"https:\/\/www.flane.com.pa\/blog\/#organization\",\"name\":\"Fast Lane Brasil\",\"url\":\"https:\/\/www.flane.com.pa\/blog\/\",\"logo\":{\"@type\":\"ImageObject\",\"inLanguage\":\"pt-BR\",\"@id\":\"https:\/\/www.flane.com.pa\/blog\/#\/schema\/logo\/image\/\",\"url\":\"https:\/\/www.flane.com.pa\/blog\/wp-content\/uploads\/2019\/10\/fast-lane-ng3.png\",\"contentUrl\":\"https:\/\/www.flane.com.pa\/blog\/wp-content\/uploads\/2019\/10\/fast-lane-ng3.png\",\"width\":209,\"height\":31,\"caption\":\"Fast Lane Brasil\"},\"image\":{\"@id\":\"https:\/\/www.flane.com.pa\/blog\/#\/schema\/logo\/image\/\"},\"sameAs\":[\"https:\/\/www.facebook.com\/FastLane.br\",\"https:\/\/x.com\/FastLaneBr\",\"https:\/\/www.instagram.com\/fastlane.br\/\",\"https:\/\/www.linkedin.com\/company\/fastlanebr\"]},{\"@type\":\"Person\",\"@id\":\"https:\/\/www.flane.com.pa\/blog\/#\/schema\/person\/9ca04e8669e599937e2b1cb1089c15cf\",\"name\":\"Mayra Toullier\",\"image\":{\"@type\":\"ImageObject\",\"inLanguage\":\"pt-BR\",\"@id\":\"https:\/\/www.flane.com.pa\/blog\/#\/schema\/person\/image\/\",\"url\":\"https:\/\/secure.gravatar.com\/avatar\/a8ebee7fc1ee72a241cd95e6bead6fa5a0e8ba2630ca552a5b9cfaa1cee2c6bb?s=96&d=mm&r=g\",\"contentUrl\":\"https:\/\/secure.gravatar.com\/avatar\/a8ebee7fc1ee72a241cd95e6bead6fa5a0e8ba2630ca552a5b9cfaa1cee2c6bb?s=96&d=mm&r=g\",\"caption\":\"Mayra Toullier\"},\"description\":\"Especialista en Marketing Digital y Administraci\u00f3n con experiencia en la planificaci\u00f3n y ejecuci\u00f3n de estrategias digitales para empresas de diversos sectores. Experta en gesti\u00f3n de redes sociales, an\u00e1lisis de resultados, gesti\u00f3n de eventos y creaci\u00f3n de contenido. Capaz de liderar proyectos que incrementen la interacci\u00f3n y ventas digitales, con una formaci\u00f3n constante y orientada a resultados.\",\"sameAs\":[\"www.linkedin.com\/in\/mayratoullier\"],\"url\":\"https:\/\/www.flane.com.pa\/blog\/author\/mayra-toullier\/\"}]}<\/script>\n<!-- \/ Yoast SEO plugin. -->","yoast_head_json":{"title":"Data Centers sostenibles: el futuro verde de la infraestructura en Am\u00e9rica Latina - TechTalk powered by Fast Lane LATAM","robots":{"index":"index","follow":"follow","max-snippet":"max-snippet:-1","max-image-preview":"max-image-preview:large","max-video-preview":"max-video-preview:-1"},"canonical":"https:\/\/www.flane.com.pa\/blog\/es\/data-centers-sostenibles-el-futuro-verde-de-la-infraestructura-en-america-latina\/","og_locale":"pt_BR","og_type":"article","og_title":"Data Centers sostenibles: el futuro verde de la infraestructura en Am\u00e9rica Latina - TechTalk powered by Fast Lane LATAM","og_url":"https:\/\/www.flane.com.pa\/blog\/es\/data-centers-sostenibles-el-futuro-verde-de-la-infraestructura-en-america-latina\/","og_site_name":"TechTalk powered by Fast Lane LATAM","article_publisher":"https:\/\/www.facebook.com\/FastLane.br","article_published_time":"2025-08-28T22:03:17+00:00","article_modified_time":"2025-09-10T22:04:03+00:00","og_image":[{"width":1024,"height":576,"url":"https:\/\/www.flane.com.pa\/blog\/wp-content\/uploads\/2025\/09\/Data-Centers-sostenibles-el-futuro-verde-de-la-infraestructura-en-America-Latina-1024x576.png","type":"image\/png"}],"author":"Mayra Toullier","twitter_card":"summary_large_image","twitter_creator":"@FastLaneBr","twitter_site":"@FastLaneBr","twitter_misc":{"Escrito por":"Mayra Toullier","Est. tempo de leitura":"3 minutos"},"schema":{"@context":"https:\/\/schema.org","@graph":[{"@type":"Article","@id":"https:\/\/www.flane.com.pa\/blog\/es\/data-centers-sostenibles-el-futuro-verde-de-la-infraestructura-en-america-latina\/#article","isPartOf":{"@id":"https:\/\/www.flane.com.pa\/blog\/es\/data-centers-sostenibles-el-futuro-verde-de-la-infraestructura-en-america-latina\/"},"author":{"name":"Mayra Toullier","@id":"https:\/\/www.flane.com.pa\/blog\/#\/schema\/person\/9ca04e8669e599937e2b1cb1089c15cf"},"headline":"Data Centers sostenibles: el futuro verde de la infraestructura en Am\u00e9rica Latina","datePublished":"2025-08-28T22:03:17+00:00","dateModified":"2025-09-10T22:04:03+00:00","mainEntityOfPage":{"@id":"https:\/\/www.flane.com.pa\/blog\/es\/data-centers-sostenibles-el-futuro-verde-de-la-infraestructura-en-america-latina\/"},"wordCount":566,"publisher":{"@id":"https:\/\/www.flane.com.pa\/blog\/#organization"},"image":{"@id":"https:\/\/www.flane.com.pa\/blog\/es\/data-centers-sostenibles-el-futuro-verde-de-la-infraestructura-en-america-latina\/#primaryimage"},"thumbnailUrl":"https:\/\/www.flane.com.pa\/blog\/wp-content\/uploads\/2025\/09\/Data-Centers-sostenibles-el-futuro-verde-de-la-infraestructura-en-America-Latina.png","keywords":["Big data","Cloud","Digitalizaci\u00f3n","Fast Lane","Fast Lane Blog","Fast Lane LATAM","Fast Lane News","innovaci\u00f3n","Machine Learning","Security","Transformaci\u00f3n digital"],"articleSection":["AWS","Big Data","Certification","Google","Microsoft"],"inLanguage":"pt-BR"},{"@type":"WebPage","@id":"https:\/\/www.flane.com.pa\/blog\/es\/data-centers-sostenibles-el-futuro-verde-de-la-infraestructura-en-america-latina\/","url":"https:\/\/www.flane.com.pa\/blog\/es\/data-centers-sostenibles-el-futuro-verde-de-la-infraestructura-en-america-latina\/","name":"Data Centers sostenibles: el futuro verde de la infraestructura en Am\u00e9rica Latina - TechTalk powered by Fast Lane LATAM","isPartOf":{"@id":"https:\/\/www.flane.com.pa\/blog\/#website"},"primaryImageOfPage":{"@id":"https:\/\/www.flane.com.pa\/blog\/es\/data-centers-sostenibles-el-futuro-verde-de-la-infraestructura-en-america-latina\/#primaryimage"},"image":{"@id":"https:\/\/www.flane.com.pa\/blog\/es\/data-centers-sostenibles-el-futuro-verde-de-la-infraestructura-en-america-latina\/#primaryimage"},"thumbnailUrl":"https:\/\/www.flane.com.pa\/blog\/wp-content\/uploads\/2025\/09\/Data-Centers-sostenibles-el-futuro-verde-de-la-infraestructura-en-America-Latina.png","datePublished":"2025-08-28T22:03:17+00:00","dateModified":"2025-09-10T22:04:03+00:00","breadcrumb":{"@id":"https:\/\/www.flane.com.pa\/blog\/es\/data-centers-sostenibles-el-futuro-verde-de-la-infraestructura-en-america-latina\/#breadcrumb"},"inLanguage":"pt-BR","potentialAction":[{"@type":"ReadAction","target":["https:\/\/www.flane.com.pa\/blog\/es\/data-centers-sostenibles-el-futuro-verde-de-la-infraestructura-en-america-latina\/"]}]},{"@type":"ImageObject","inLanguage":"pt-BR","@id":"https:\/\/www.flane.com.pa\/blog\/es\/data-centers-sostenibles-el-futuro-verde-de-la-infraestructura-en-america-latina\/#primaryimage","url":"https:\/\/www.flane.com.pa\/blog\/wp-content\/uploads\/2025\/09\/Data-Centers-sostenibles-el-futuro-verde-de-la-infraestructura-en-America-Latina.png","contentUrl":"https:\/\/www.flane.com.pa\/blog\/wp-content\/uploads\/2025\/09\/Data-Centers-sostenibles-el-futuro-verde-de-la-infraestructura-en-America-Latina.png","width":1280,"height":720},{"@type":"BreadcrumbList","@id":"https:\/\/www.flane.com.pa\/blog\/es\/data-centers-sostenibles-el-futuro-verde-de-la-infraestructura-en-america-latina\/#breadcrumb","itemListElement":[{"@type":"ListItem","position":1,"name":"Home","item":"https:\/\/www.flane.com.pa\/blog\/es\/"},{"@type":"ListItem","position":2,"name":"Data Centers sostenibles: el futuro verde de la infraestructura en Am\u00e9rica Latina"}]},{"@type":"WebSite","@id":"https:\/\/www.flane.com.pa\/blog\/#website","url":"https:\/\/www.flane.com.pa\/blog\/","name":"TechTalk powered by Fast Lane LATAM","description":"Sharing ideas and knowledge on IT training and certification","publisher":{"@id":"https:\/\/www.flane.com.pa\/blog\/#organization"},"potentialAction":[{"@type":"SearchAction","target":{"@type":"EntryPoint","urlTemplate":"https:\/\/www.flane.com.pa\/blog\/?s={search_term_string}"},"query-input":{"@type":"PropertyValueSpecification","valueRequired":true,"valueName":"search_term_string"}}],"inLanguage":"pt-BR"},{"@type":"Organization","@id":"https:\/\/www.flane.com.pa\/blog\/#organization","name":"Fast Lane Brasil","url":"https:\/\/www.flane.com.pa\/blog\/","logo":{"@type":"ImageObject","inLanguage":"pt-BR","@id":"https:\/\/www.flane.com.pa\/blog\/#\/schema\/logo\/image\/","url":"https:\/\/www.flane.com.pa\/blog\/wp-content\/uploads\/2019\/10\/fast-lane-ng3.png","contentUrl":"https:\/\/www.flane.com.pa\/blog\/wp-content\/uploads\/2019\/10\/fast-lane-ng3.png","width":209,"height":31,"caption":"Fast Lane Brasil"},"image":{"@id":"https:\/\/www.flane.com.pa\/blog\/#\/schema\/logo\/image\/"},"sameAs":["https:\/\/www.facebook.com\/FastLane.br","https:\/\/x.com\/FastLaneBr","https:\/\/www.instagram.com\/fastlane.br\/","https:\/\/www.linkedin.com\/company\/fastlanebr"]},{"@type":"Person","@id":"https:\/\/www.flane.com.pa\/blog\/#\/schema\/person\/9ca04e8669e599937e2b1cb1089c15cf","name":"Mayra Toullier","image":{"@type":"ImageObject","inLanguage":"pt-BR","@id":"https:\/\/www.flane.com.pa\/blog\/#\/schema\/person\/image\/","url":"https:\/\/secure.gravatar.com\/avatar\/a8ebee7fc1ee72a241cd95e6bead6fa5a0e8ba2630ca552a5b9cfaa1cee2c6bb?s=96&d=mm&r=g","contentUrl":"https:\/\/secure.gravatar.com\/avatar\/a8ebee7fc1ee72a241cd95e6bead6fa5a0e8ba2630ca552a5b9cfaa1cee2c6bb?s=96&d=mm&r=g","caption":"Mayra Toullier"},"description":"Especialista en Marketing Digital y Administraci\u00f3n con experiencia en la planificaci\u00f3n y ejecuci\u00f3n de estrategias digitales para empresas de diversos sectores. Experta en gesti\u00f3n de redes sociales, an\u00e1lisis de resultados, gesti\u00f3n de eventos y creaci\u00f3n de contenido. Capaz de liderar proyectos que incrementen la interacci\u00f3n y ventas digitales, con una formaci\u00f3n constante y orientada a resultados.","sameAs":["www.linkedin.com\/in\/mayratoullier"],"url":"https:\/\/www.flane.com.pa\/blog\/author\/mayra-toullier\/"}]}},"_links":{"self":[{"href":"https:\/\/www.flane.com.pa\/blog\/wp-json\/wp\/v2\/posts\/11614","targetHints":{"allow":["GET"]}}],"collection":[{"href":"https:\/\/www.flane.com.pa\/blog\/wp-json\/wp\/v2\/posts"}],"about":[{"href":"https:\/\/www.flane.com.pa\/blog\/wp-json\/wp\/v2\/types\/post"}],"author":[{"embeddable":true,"href":"https:\/\/www.flane.com.pa\/blog\/wp-json\/wp\/v2\/users\/11"}],"replies":[{"embeddable":true,"href":"https:\/\/www.flane.com.pa\/blog\/wp-json\/wp\/v2\/comments?post=11614"}],"version-history":[{"count":1,"href":"https:\/\/www.flane.com.pa\/blog\/wp-json\/wp\/v2\/posts\/11614\/revisions"}],"predecessor-version":[{"id":11619,"href":"https:\/\/www.flane.com.pa\/blog\/wp-json\/wp\/v2\/posts\/11614\/revisions\/11619"}],"wp:featuredmedia":[{"embeddable":true,"href":"https:\/\/www.flane.com.pa\/blog\/wp-json\/wp\/v2\/media\/11615"}],"wp:attachment":[{"href":"https:\/\/www.flane.com.pa\/blog\/wp-json\/wp\/v2\/media?parent=11614"}],"wp:term":[{"taxonomy":"category","embeddable":true,"href":"https:\/\/www.flane.com.pa\/blog\/wp-json\/wp\/v2\/categories?post=11614"},{"taxonomy":"post_tag","embeddable":true,"href":"https:\/\/www.flane.com.pa\/blog\/wp-json\/wp\/v2\/tags?post=11614"}],"curies":[{"name":"wp","href":"https:\/\/api.w.org\/{rel}","templated":true}]}}