{"id":11733,"date":"2025-11-17T15:30:00","date_gmt":"2025-11-17T18:30:00","guid":{"rendered":"https:\/\/www.flane.com.pa\/blog\/?p=11733"},"modified":"2025-11-17T15:49:24","modified_gmt":"2025-11-17T18:49:24","slug":"tecnologias-emergentes-que-marcaran-el-rumbo-del-2026","status":"publish","type":"post","link":"https:\/\/www.flane.com.pa\/blog\/es\/tecnologias-emergentes-que-marcaran-el-rumbo-del-2026\/","title":{"rendered":"Tecnolog\u00edas emergentes que marcar\u00e1n el rumbo del 2026"},"content":{"rendered":"<span class=\"span-reading-time rt-reading-time\" style=\"display: block;\"><span class=\"rt-label rt-prefix\">Reading time: <\/span> <span class=\"rt-time\"> 2<\/span> <span class=\"rt-label rt-postfix\">minutes - <\/span><\/span><section class=\"l-section wpb_row height_small\"><div class=\"l-section-h i-cf\"><div class=\"g-cols vc_row via_flex valign_top type_default stacking_default\"><div class=\"vc_col-sm-12 wpb_column vc_column_container\"><div class=\"vc_column-inner\"><div class=\"wpb_wrapper\"><div class=\"wpb_text_column\"><div class=\"wpb_wrapper\"><p data-start=\"333\" data-end=\"770\">El 2026 se perfila como un a\u00f1o decisivo para la transformaci\u00f3n digital. Las empresas de todos los sectores \u2014desde finanzas y retail hasta manufactura, educaci\u00f3n y salud\u2014 est\u00e1n reevaluando sus estrategias tecnol\u00f3gicas para mantenerse competitivas en un mundo impulsado por la automatizaci\u00f3n, la inteligencia artificial y los datos. En este contexto, las <strong data-start=\"686\" data-end=\"712\">tecnolog\u00edas emergentes<\/strong> se convierten en el motor que definir\u00e1 el futuro cercano.<\/p>\n<p data-start=\"772\" data-end=\"906\">A continuaci\u00f3n, exploramos las innovaciones que ser\u00e1n cruciales en 2026 y que ya est\u00e1n acelerando el cambio en los modelos de negocio.<\/p>\n<\/div><\/div><\/div><\/div><\/div><\/div><\/div><\/section><section class=\"l-section wpb_row height_small\"><div class=\"l-section-h i-cf\"><div class=\"g-cols vc_row via_flex valign_top type_default stacking_default\"><div class=\"vc_col-sm-12 wpb_column vc_column_container\"><div class=\"vc_column-inner\"><div class=\"wpb_wrapper\"><div class=\"wpb_text_column\"><div class=\"wpb_wrapper\"><h2 data-start=\"913\" data-end=\"981\"><strong data-start=\"916\" data-end=\"981\">1. Inteligencia Artificial Generativa aplicada a los negocios<\/strong><\/h2>\n<p data-start=\"983\" data-end=\"1138\">La <strong data-start=\"986\" data-end=\"1003\">IA Generativa<\/strong> dejar\u00e1 de ser una herramienta experimental para convertirse en un componente central en la operaci\u00f3n de las empresas. En 2026 veremos:<\/p>\n<ul data-start=\"1140\" data-end=\"1442\">\n<li data-start=\"1140\" data-end=\"1249\">\n<p data-start=\"1142\" data-end=\"1249\">Integraciones avanzadas con plataformas de productividad como <em data-start=\"1204\" data-end=\"1227\"><a href=\"https:\/\/www.flane.com.pa\/microsoft-training\">Microsoft<\/a> 365 Copilot<\/em> y <em data-start=\"1230\" data-end=\"1248\"><a href=\"https:\/\/www.flane.com.pa\/google\">Google<\/a> Workspace<\/em>.<\/p>\n<\/li>\n<li data-start=\"1250\" data-end=\"1349\">\n<p data-start=\"1252\" data-end=\"1349\">Automatizaci\u00f3n inteligente de flujos cr\u00edticos, desde atenci\u00f3n al cliente hasta an\u00e1lisis de datos.<\/p>\n<\/li>\n<li data-start=\"1350\" data-end=\"1442\">\n<p data-start=\"1352\" data-end=\"1442\">Creaci\u00f3n de agentes aut\u00f3nomos capaces de ejecutar tareas complejas con supervisi\u00f3n m\u00ednima.<\/p>\n<\/li>\n<\/ul>\n<\/div><\/div><\/div><\/div><\/div><\/div><\/div><\/section><section class=\"l-section wpb_row height_small\"><div class=\"l-section-h i-cf\"><div class=\"g-cols vc_row via_flex valign_top type_default stacking_default\"><div class=\"vc_col-sm-12 wpb_column vc_column_container\"><div class=\"vc_column-inner\"><div class=\"wpb_wrapper\"><div class=\"wpb_text_column\"><div class=\"wpb_wrapper\"><h2 data-start=\"1559\" data-end=\"1611\"><strong data-start=\"1562\" data-end=\"1611\">2. Ciberseguridad predictiva impulsada por IA<\/strong><\/h2>\n<p data-start=\"1613\" data-end=\"1797\">Con el aumento de amenazas, la <strong data-start=\"1644\" data-end=\"1662\">ciberseguridad<\/strong> ser\u00e1 m\u00e1s predictiva que reactiva. Nuevas capacidades permitir\u00e1n anticipar riesgos antes de que se conviertan en incidentes, gracias a:<\/p>\n<ul data-start=\"1799\" data-end=\"1950\">\n<li data-start=\"1799\" data-end=\"1836\">\n<p data-start=\"1801\" data-end=\"1836\">Plataformas XDR m\u00e1s inteligentes.<\/p>\n<\/li>\n<li data-start=\"1837\" data-end=\"1893\">\n<p data-start=\"1839\" data-end=\"1893\">Modelos de<a href=\"https:\/\/www.flane.com.pa\/blog\/es\/ciberseguridad-en-la-practica-conceptos-amenazas-comunes-y-primeros-pasos\/\"> IA que detectan anomal\u00edas en tiempo real<\/a>.<\/p>\n<\/li>\n<li data-start=\"1894\" data-end=\"1950\">\n<p data-start=\"1896\" data-end=\"1950\">Integraci\u00f3n entre seguridad, identidad y cumplimiento.<\/p>\n<\/li>\n<\/ul>\n<p data-start=\"1952\" data-end=\"2058\">En 2026, proteger identidades y accesos ser\u00e1 tan importante como asegurar infraestructuras y aplicaciones.<\/p>\n<\/div><\/div><\/div><\/div><\/div><\/div><\/div><\/section><section class=\"l-section wpb_row height_small\"><div class=\"l-section-h i-cf\"><div class=\"g-cols vc_row via_flex valign_top type_default stacking_default\"><div class=\"vc_col-sm-12 wpb_column vc_column_container\"><div class=\"vc_column-inner\"><div class=\"wpb_wrapper\"><div class=\"wpb_text_column\"><div class=\"wpb_wrapper\"><h2 data-start=\"2173\" data-end=\"2223\"><strong data-start=\"2176\" data-end=\"2223\">3. Cloud h\u00edbrida y multi-nube como est\u00e1ndar<\/strong><\/h2>\n<p data-start=\"2225\" data-end=\"2380\">Las empresas ya no depender\u00e1n de un \u00fanico proveedor. En 2026, dominar la <strong data-start=\"2298\" data-end=\"2335\">arquitectura h\u00edbrida y <a href=\"https:\/\/www.flane.com.pa\/blog\/es\/migracion-a-la-nube-en-2025-errores-comunes-y-como-evitarlos\/\">multi-nube<\/a><\/strong> ser\u00e1 una ventaja competitiva clave. Veremos:<\/p>\n<ul data-start=\"2382\" data-end=\"2586\">\n<li data-start=\"2382\" data-end=\"2442\">\n<p data-start=\"2384\" data-end=\"2442\">Herramientas avanzadas de orquestaci\u00f3n y observabilidad.<\/p>\n<\/li>\n<li data-start=\"2443\" data-end=\"2509\">\n<p data-start=\"2445\" data-end=\"2509\">Estrategias m\u00e1s s\u00f3lidas de seguridad en entornos distribuidos.<\/p>\n<\/li>\n<li data-start=\"2510\" data-end=\"2586\">\n<p data-start=\"2512\" data-end=\"2586\">Mayor adopci\u00f3n de <a href=\"https:\/\/www.flane.com.pa\/kubernetes\"><em data-start=\"2530\" data-end=\"2542\">Kubernetes<\/em><\/a> como base para gestionar cargas de trabajo.<\/p>\n<\/li>\n<\/ul>\n<p data-start=\"2588\" data-end=\"2665\">La capacidad para mover datos de forma segura entre nubes ser\u00e1 una prioridad.<\/p>\n<\/div><\/div><\/div><\/div><\/div><\/div><\/div><\/section><section class=\"l-section wpb_row height_small\"><div class=\"l-section-h i-cf\"><div class=\"g-cols vc_row via_flex valign_top type_default stacking_default\"><div class=\"vc_col-sm-12 wpb_column vc_column_container\"><div class=\"vc_column-inner\"><div class=\"wpb_wrapper\"><div class=\"wpb_text_column\"><div class=\"wpb_wrapper\"><h2 data-start=\"2757\" data-end=\"2792\"><strong data-start=\"2760\" data-end=\"2792\">4. Automatizaci\u00f3n TI y AIOps<\/strong><\/h2>\n<p data-start=\"2794\" data-end=\"3004\">El crecimiento de sistemas tecnol\u00f3gicos complejos obligar\u00e1 a las organizaciones a adoptar plataformas de <strong data-start=\"2899\" data-end=\"2908\">AIOps<\/strong> capaces de analizar datos operativos, prevenir fallos y optimizar recursos de forma autom\u00e1tica.<\/p>\n<p data-start=\"3006\" data-end=\"3132\">En 2026, la automatizaci\u00f3n TI ser\u00e1 esencial para reducir costos, mejorar disponibilidad y acelerar el despliegue de servicios.<\/p>\n<\/div><\/div><\/div><\/div><\/div><\/div><\/div><\/section><section class=\"l-section wpb_row height_small\"><div class=\"l-section-h i-cf\"><div class=\"g-cols vc_row via_flex valign_top type_default stacking_default\"><div class=\"vc_col-sm-12 wpb_column vc_column_container\"><div class=\"vc_column-inner\"><div class=\"wpb_wrapper\"><div class=\"wpb_text_column\"><div class=\"wpb_wrapper\"><h2 data-start=\"3234\" data-end=\"3294\"><strong data-start=\"3237\" data-end=\"3294\">5. Edge Computing y 5G para respuestas en tiempo real<\/strong><\/h2>\n<p data-start=\"3296\" data-end=\"3499\">La expansi\u00f3n del <strong data-start=\"3313\" data-end=\"3331\">Edge <a href=\"https:\/\/www.flane.com.pa\/blog\/es\/mas-alla-del-silicio-computacion-optica-para-resolver-problemas-reales\/\">Computing<\/a><\/strong> y redes <strong data-start=\"3340\" data-end=\"3356\">5G avanzadas<\/strong> permitir\u00e1 ejecutar cargas de trabajo cerca del usuario final, reduciendo la latencia y mejorando la experiencia en aplicaciones cr\u00edticas como:<\/p>\n<ul data-start=\"3501\" data-end=\"3623\">\n<li data-start=\"3501\" data-end=\"3524\">\n<p data-start=\"3503\" data-end=\"3524\">Veh\u00edculos aut\u00f3nomos<\/p>\n<\/li>\n<li data-start=\"3525\" data-end=\"3552\">\n<p data-start=\"3527\" data-end=\"3552\">Manufactura inteligente<\/p>\n<\/li>\n<li data-start=\"3553\" data-end=\"3591\">\n<p data-start=\"3555\" data-end=\"3591\">Retail con an\u00e1lisis en tiempo real<\/p>\n<\/li>\n<li data-start=\"3592\" data-end=\"3623\">\n<p data-start=\"3594\" data-end=\"3623\">Soluciones IoT de gran escala<\/p>\n<\/li>\n<\/ul>\n<\/div><\/div><\/div><\/div><\/div><\/div><\/div><\/section><section class=\"l-section wpb_row height_small\"><div class=\"l-section-h i-cf\"><div class=\"g-cols vc_row via_flex valign_top type_default stacking_default\"><div class=\"vc_col-sm-12 wpb_column vc_column_container\"><div class=\"vc_column-inner\"><div class=\"wpb_wrapper\"><div class=\"wpb_text_column\"><div class=\"wpb_wrapper\"><p data-start=\"3759\" data-end=\"4097\">Las <strong data-start=\"3763\" data-end=\"3789\">tecnolog\u00edas emergentes<\/strong> no solo transformar\u00e1n la forma en que trabajamos, sino tambi\u00e9n c\u00f3mo aprendemos, colaboramos y tomamos decisiones estrat\u00e9gicas. Las empresas que inviertan en <strong data-start=\"3947\" data-end=\"3975\">capacitaci\u00f3n tecnol\u00f3gica<\/strong>, adopten modelos de innovaci\u00f3n continua y prioricen la seguridad digital estar\u00e1n mejor posicionadas para liderar en 2026.<\/p>\n<p data-start=\"4099\" data-end=\"4238\">En un entorno donde la IA, la nube y la automatizaci\u00f3n avanzan a un ritmo imparable, el conocimiento se convierte en el activo m\u00e1s valioso.<\/p>\n<\/div><\/div><\/div><\/div><\/div><\/div><\/div><\/section>\n","protected":false},"excerpt":{"rendered":"El 2026 se perfila como un a\u00f1o decisivo para la transformaci\u00f3n digital. Las empresas de todos los sectores \u2014desde finanzas y retail hasta manufactura, educaci\u00f3n y salud\u2014 est\u00e1n reevaluando sus estrategias tecnol\u00f3gicas para mantenerse competitivas en un mundo impulsado por la automatizaci\u00f3n, la inteligencia artificial y los datos. En este contexto, las tecnolog\u00edas emergentes se...","protected":false},"author":11,"featured_media":11734,"comment_status":"closed","ping_status":"closed","sticky":false,"template":"","format":"standard","meta":{"_acf_changed":false,"footnotes":""},"categories":[1805,1924,1801,2094,1797],"tags":[136,4574,469,4570,687,391,138,189,373,4334,254,25,52,116,4568,574,4572,616,4566,4564,280,421,4556,3564],"class_list":["post-11733","post","type-post","status-publish","format-standard","has-post-thumbnail","hentry","category-ai","category-fastlane","category-google","category-iot","category-microsoft","tag-5g","tag-aiops-es","tag-automatizacion","tag-automatizacion-ti","tag-certificaciones","tag-cloud-computing","tag-conectividad","tag-datos","tag-developers","tag-edge-computing-es","tag-fast-lane-news","tag-google","tag-google-cloud","tag-ia","tag-infraestructura-moderna","tag-innovacion","tag-iot-empresarial","tag-kubernetes","tag-multi-nube","tag-proteccion-de-identidades","tag-seguridad-de-datos","tag-transformacion-digital","tag-xdr-es","tag-zero-trust-es"],"acf":[],"yoast_head":"<!-- This site is optimized with the Yoast SEO plugin v26.6 - https:\/\/yoast.com\/wordpress\/plugins\/seo\/ -->\n<title>Tecnolog\u00edas emergentes que marcar\u00e1n el rumbo del 2026 - TechTalk powered by Fast Lane LATAM<\/title>\n<meta name=\"robots\" content=\"index, follow, max-snippet:-1, max-image-preview:large, max-video-preview:-1\" \/>\n<link rel=\"canonical\" href=\"https:\/\/www.flane.com.pa\/blog\/es\/tecnologias-emergentes-que-marcaran-el-rumbo-del-2026\/\" \/>\n<meta property=\"og:locale\" content=\"pt_BR\" \/>\n<meta property=\"og:type\" content=\"article\" \/>\n<meta property=\"og:title\" content=\"Tecnolog\u00edas emergentes que marcar\u00e1n el rumbo del 2026 - TechTalk powered by Fast Lane LATAM\" \/>\n<meta property=\"og:url\" content=\"https:\/\/www.flane.com.pa\/blog\/es\/tecnologias-emergentes-que-marcaran-el-rumbo-del-2026\/\" \/>\n<meta property=\"og:site_name\" content=\"TechTalk powered by Fast Lane LATAM\" \/>\n<meta property=\"article:publisher\" content=\"https:\/\/www.facebook.com\/FastLane.br\" \/>\n<meta property=\"article:published_time\" content=\"2025-11-17T18:30:00+00:00\" \/>\n<meta property=\"article:modified_time\" content=\"2025-11-17T18:49:24+00:00\" \/>\n<meta property=\"og:image\" content=\"https:\/\/www.flane.com.pa\/blog\/wp-content\/uploads\/2025\/11\/Tecnologias-emergentes.png\" \/>\n\t<meta property=\"og:image:width\" content=\"1280\" \/>\n\t<meta property=\"og:image:height\" content=\"720\" \/>\n\t<meta property=\"og:image:type\" content=\"image\/png\" \/>\n<meta name=\"author\" content=\"Mayra Toullier\" \/>\n<meta name=\"twitter:card\" content=\"summary_large_image\" \/>\n<meta name=\"twitter:creator\" content=\"@FastLaneBr\" \/>\n<meta name=\"twitter:site\" content=\"@FastLaneBr\" \/>\n<meta name=\"twitter:label1\" content=\"Escrito por\" \/>\n\t<meta name=\"twitter:data1\" content=\"Mayra Toullier\" \/>\n\t<meta name=\"twitter:label2\" content=\"Est. tempo de leitura\" \/>\n\t<meta name=\"twitter:data2\" content=\"3 minutos\" \/>\n<script type=\"application\/ld+json\" class=\"yoast-schema-graph\">{\"@context\":\"https:\/\/schema.org\",\"@graph\":[{\"@type\":\"Article\",\"@id\":\"https:\/\/www.flane.com.pa\/blog\/es\/tecnologias-emergentes-que-marcaran-el-rumbo-del-2026\/#article\",\"isPartOf\":{\"@id\":\"https:\/\/www.flane.com.pa\/blog\/es\/tecnologias-emergentes-que-marcaran-el-rumbo-del-2026\/\"},\"author\":{\"name\":\"Mayra Toullier\",\"@id\":\"https:\/\/www.flane.com.pa\/blog\/#\/schema\/person\/9ca04e8669e599937e2b1cb1089c15cf\"},\"headline\":\"Tecnolog\u00edas emergentes que marcar\u00e1n el rumbo del 2026\",\"datePublished\":\"2025-11-17T18:30:00+00:00\",\"dateModified\":\"2025-11-17T18:49:24+00:00\",\"mainEntityOfPage\":{\"@id\":\"https:\/\/www.flane.com.pa\/blog\/es\/tecnologias-emergentes-que-marcaran-el-rumbo-del-2026\/\"},\"wordCount\":609,\"publisher\":{\"@id\":\"https:\/\/www.flane.com.pa\/blog\/#organization\"},\"image\":{\"@id\":\"https:\/\/www.flane.com.pa\/blog\/es\/tecnologias-emergentes-que-marcaran-el-rumbo-del-2026\/#primaryimage\"},\"thumbnailUrl\":\"https:\/\/www.flane.com.pa\/blog\/wp-content\/uploads\/2025\/11\/Tecnologias-emergentes.png\",\"keywords\":[\"5G\",\"AIOps\",\"automatizaci\u00f3n\",\"automatizaci\u00f3n TI\",\"Certificaciones\",\"cloud computing\",\"Conectividad\",\"Datos\",\"Developers\",\"edge computing\",\"Fast Lane News\",\"Google\",\"Google Cloud\",\"IA\",\"infraestructura moderna\",\"innovaci\u00f3n\",\"IoT empresarial\",\"Kubernetes\",\"multi-nube\",\"protecci\u00f3n de identidades\",\"Seguridad de datos\",\"Transformaci\u00f3n digital\",\"XDR\",\"Zero Trust\"],\"articleSection\":[\"Artificial Intelligence\",\"Fast Lane\",\"Google\",\"IoT\",\"Microsoft\"],\"inLanguage\":\"pt-BR\"},{\"@type\":\"WebPage\",\"@id\":\"https:\/\/www.flane.com.pa\/blog\/es\/tecnologias-emergentes-que-marcaran-el-rumbo-del-2026\/\",\"url\":\"https:\/\/www.flane.com.pa\/blog\/es\/tecnologias-emergentes-que-marcaran-el-rumbo-del-2026\/\",\"name\":\"Tecnolog\u00edas emergentes que marcar\u00e1n el rumbo del 2026 - TechTalk powered by Fast Lane LATAM\",\"isPartOf\":{\"@id\":\"https:\/\/www.flane.com.pa\/blog\/#website\"},\"primaryImageOfPage\":{\"@id\":\"https:\/\/www.flane.com.pa\/blog\/es\/tecnologias-emergentes-que-marcaran-el-rumbo-del-2026\/#primaryimage\"},\"image\":{\"@id\":\"https:\/\/www.flane.com.pa\/blog\/es\/tecnologias-emergentes-que-marcaran-el-rumbo-del-2026\/#primaryimage\"},\"thumbnailUrl\":\"https:\/\/www.flane.com.pa\/blog\/wp-content\/uploads\/2025\/11\/Tecnologias-emergentes.png\",\"datePublished\":\"2025-11-17T18:30:00+00:00\",\"dateModified\":\"2025-11-17T18:49:24+00:00\",\"breadcrumb\":{\"@id\":\"https:\/\/www.flane.com.pa\/blog\/es\/tecnologias-emergentes-que-marcaran-el-rumbo-del-2026\/#breadcrumb\"},\"inLanguage\":\"pt-BR\",\"potentialAction\":[{\"@type\":\"ReadAction\",\"target\":[\"https:\/\/www.flane.com.pa\/blog\/es\/tecnologias-emergentes-que-marcaran-el-rumbo-del-2026\/\"]}]},{\"@type\":\"ImageObject\",\"inLanguage\":\"pt-BR\",\"@id\":\"https:\/\/www.flane.com.pa\/blog\/es\/tecnologias-emergentes-que-marcaran-el-rumbo-del-2026\/#primaryimage\",\"url\":\"https:\/\/www.flane.com.pa\/blog\/wp-content\/uploads\/2025\/11\/Tecnologias-emergentes.png\",\"contentUrl\":\"https:\/\/www.flane.com.pa\/blog\/wp-content\/uploads\/2025\/11\/Tecnologias-emergentes.png\",\"width\":1280,\"height\":720},{\"@type\":\"BreadcrumbList\",\"@id\":\"https:\/\/www.flane.com.pa\/blog\/es\/tecnologias-emergentes-que-marcaran-el-rumbo-del-2026\/#breadcrumb\",\"itemListElement\":[{\"@type\":\"ListItem\",\"position\":1,\"name\":\"Home\",\"item\":\"https:\/\/www.flane.com.pa\/blog\/es\/\"},{\"@type\":\"ListItem\",\"position\":2,\"name\":\"Tecnolog\u00edas emergentes que marcar\u00e1n el rumbo del 2026\"}]},{\"@type\":\"WebSite\",\"@id\":\"https:\/\/www.flane.com.pa\/blog\/#website\",\"url\":\"https:\/\/www.flane.com.pa\/blog\/\",\"name\":\"TechTalk powered by Fast Lane LATAM\",\"description\":\"Sharing ideas and knowledge on IT training and certification\",\"publisher\":{\"@id\":\"https:\/\/www.flane.com.pa\/blog\/#organization\"},\"potentialAction\":[{\"@type\":\"SearchAction\",\"target\":{\"@type\":\"EntryPoint\",\"urlTemplate\":\"https:\/\/www.flane.com.pa\/blog\/?s={search_term_string}\"},\"query-input\":{\"@type\":\"PropertyValueSpecification\",\"valueRequired\":true,\"valueName\":\"search_term_string\"}}],\"inLanguage\":\"pt-BR\"},{\"@type\":\"Organization\",\"@id\":\"https:\/\/www.flane.com.pa\/blog\/#organization\",\"name\":\"Fast Lane Brasil\",\"url\":\"https:\/\/www.flane.com.pa\/blog\/\",\"logo\":{\"@type\":\"ImageObject\",\"inLanguage\":\"pt-BR\",\"@id\":\"https:\/\/www.flane.com.pa\/blog\/#\/schema\/logo\/image\/\",\"url\":\"https:\/\/www.flane.com.pa\/blog\/wp-content\/uploads\/2019\/10\/fast-lane-ng3.png\",\"contentUrl\":\"https:\/\/www.flane.com.pa\/blog\/wp-content\/uploads\/2019\/10\/fast-lane-ng3.png\",\"width\":209,\"height\":31,\"caption\":\"Fast Lane Brasil\"},\"image\":{\"@id\":\"https:\/\/www.flane.com.pa\/blog\/#\/schema\/logo\/image\/\"},\"sameAs\":[\"https:\/\/www.facebook.com\/FastLane.br\",\"https:\/\/x.com\/FastLaneBr\",\"https:\/\/www.instagram.com\/fastlane.br\/\",\"https:\/\/www.linkedin.com\/company\/fastlanebr\"]},{\"@type\":\"Person\",\"@id\":\"https:\/\/www.flane.com.pa\/blog\/#\/schema\/person\/9ca04e8669e599937e2b1cb1089c15cf\",\"name\":\"Mayra Toullier\",\"image\":{\"@type\":\"ImageObject\",\"inLanguage\":\"pt-BR\",\"@id\":\"https:\/\/www.flane.com.pa\/blog\/#\/schema\/person\/image\/\",\"url\":\"https:\/\/secure.gravatar.com\/avatar\/a8ebee7fc1ee72a241cd95e6bead6fa5a0e8ba2630ca552a5b9cfaa1cee2c6bb?s=96&d=mm&r=g\",\"contentUrl\":\"https:\/\/secure.gravatar.com\/avatar\/a8ebee7fc1ee72a241cd95e6bead6fa5a0e8ba2630ca552a5b9cfaa1cee2c6bb?s=96&d=mm&r=g\",\"caption\":\"Mayra Toullier\"},\"description\":\"Especialista en Marketing Digital y Administraci\u00f3n con experiencia en la planificaci\u00f3n y ejecuci\u00f3n de estrategias digitales para empresas de diversos sectores. Experta en gesti\u00f3n de redes sociales, an\u00e1lisis de resultados, gesti\u00f3n de eventos y creaci\u00f3n de contenido. Capaz de liderar proyectos que incrementen la interacci\u00f3n y ventas digitales, con una formaci\u00f3n constante y orientada a resultados.\",\"sameAs\":[\"www.linkedin.com\/in\/mayratoullier\"],\"url\":\"https:\/\/www.flane.com.pa\/blog\/author\/mayra-toullier\/\"}]}<\/script>\n<!-- \/ Yoast SEO plugin. -->","yoast_head_json":{"title":"Tecnolog\u00edas emergentes que marcar\u00e1n el rumbo del 2026 - TechTalk powered by Fast Lane LATAM","robots":{"index":"index","follow":"follow","max-snippet":"max-snippet:-1","max-image-preview":"max-image-preview:large","max-video-preview":"max-video-preview:-1"},"canonical":"https:\/\/www.flane.com.pa\/blog\/es\/tecnologias-emergentes-que-marcaran-el-rumbo-del-2026\/","og_locale":"pt_BR","og_type":"article","og_title":"Tecnolog\u00edas emergentes que marcar\u00e1n el rumbo del 2026 - TechTalk powered by Fast Lane LATAM","og_url":"https:\/\/www.flane.com.pa\/blog\/es\/tecnologias-emergentes-que-marcaran-el-rumbo-del-2026\/","og_site_name":"TechTalk powered by Fast Lane LATAM","article_publisher":"https:\/\/www.facebook.com\/FastLane.br","article_published_time":"2025-11-17T18:30:00+00:00","article_modified_time":"2025-11-17T18:49:24+00:00","og_image":[{"width":1280,"height":720,"url":"https:\/\/www.flane.com.pa\/blog\/wp-content\/uploads\/2025\/11\/Tecnologias-emergentes.png","type":"image\/png"}],"author":"Mayra Toullier","twitter_card":"summary_large_image","twitter_creator":"@FastLaneBr","twitter_site":"@FastLaneBr","twitter_misc":{"Escrito por":"Mayra Toullier","Est. tempo de leitura":"3 minutos"},"schema":{"@context":"https:\/\/schema.org","@graph":[{"@type":"Article","@id":"https:\/\/www.flane.com.pa\/blog\/es\/tecnologias-emergentes-que-marcaran-el-rumbo-del-2026\/#article","isPartOf":{"@id":"https:\/\/www.flane.com.pa\/blog\/es\/tecnologias-emergentes-que-marcaran-el-rumbo-del-2026\/"},"author":{"name":"Mayra Toullier","@id":"https:\/\/www.flane.com.pa\/blog\/#\/schema\/person\/9ca04e8669e599937e2b1cb1089c15cf"},"headline":"Tecnolog\u00edas emergentes que marcar\u00e1n el rumbo del 2026","datePublished":"2025-11-17T18:30:00+00:00","dateModified":"2025-11-17T18:49:24+00:00","mainEntityOfPage":{"@id":"https:\/\/www.flane.com.pa\/blog\/es\/tecnologias-emergentes-que-marcaran-el-rumbo-del-2026\/"},"wordCount":609,"publisher":{"@id":"https:\/\/www.flane.com.pa\/blog\/#organization"},"image":{"@id":"https:\/\/www.flane.com.pa\/blog\/es\/tecnologias-emergentes-que-marcaran-el-rumbo-del-2026\/#primaryimage"},"thumbnailUrl":"https:\/\/www.flane.com.pa\/blog\/wp-content\/uploads\/2025\/11\/Tecnologias-emergentes.png","keywords":["5G","AIOps","automatizaci\u00f3n","automatizaci\u00f3n TI","Certificaciones","cloud computing","Conectividad","Datos","Developers","edge computing","Fast Lane News","Google","Google Cloud","IA","infraestructura moderna","innovaci\u00f3n","IoT empresarial","Kubernetes","multi-nube","protecci\u00f3n de identidades","Seguridad de datos","Transformaci\u00f3n digital","XDR","Zero Trust"],"articleSection":["Artificial Intelligence","Fast Lane","Google","IoT","Microsoft"],"inLanguage":"pt-BR"},{"@type":"WebPage","@id":"https:\/\/www.flane.com.pa\/blog\/es\/tecnologias-emergentes-que-marcaran-el-rumbo-del-2026\/","url":"https:\/\/www.flane.com.pa\/blog\/es\/tecnologias-emergentes-que-marcaran-el-rumbo-del-2026\/","name":"Tecnolog\u00edas emergentes que marcar\u00e1n el rumbo del 2026 - TechTalk powered by Fast Lane LATAM","isPartOf":{"@id":"https:\/\/www.flane.com.pa\/blog\/#website"},"primaryImageOfPage":{"@id":"https:\/\/www.flane.com.pa\/blog\/es\/tecnologias-emergentes-que-marcaran-el-rumbo-del-2026\/#primaryimage"},"image":{"@id":"https:\/\/www.flane.com.pa\/blog\/es\/tecnologias-emergentes-que-marcaran-el-rumbo-del-2026\/#primaryimage"},"thumbnailUrl":"https:\/\/www.flane.com.pa\/blog\/wp-content\/uploads\/2025\/11\/Tecnologias-emergentes.png","datePublished":"2025-11-17T18:30:00+00:00","dateModified":"2025-11-17T18:49:24+00:00","breadcrumb":{"@id":"https:\/\/www.flane.com.pa\/blog\/es\/tecnologias-emergentes-que-marcaran-el-rumbo-del-2026\/#breadcrumb"},"inLanguage":"pt-BR","potentialAction":[{"@type":"ReadAction","target":["https:\/\/www.flane.com.pa\/blog\/es\/tecnologias-emergentes-que-marcaran-el-rumbo-del-2026\/"]}]},{"@type":"ImageObject","inLanguage":"pt-BR","@id":"https:\/\/www.flane.com.pa\/blog\/es\/tecnologias-emergentes-que-marcaran-el-rumbo-del-2026\/#primaryimage","url":"https:\/\/www.flane.com.pa\/blog\/wp-content\/uploads\/2025\/11\/Tecnologias-emergentes.png","contentUrl":"https:\/\/www.flane.com.pa\/blog\/wp-content\/uploads\/2025\/11\/Tecnologias-emergentes.png","width":1280,"height":720},{"@type":"BreadcrumbList","@id":"https:\/\/www.flane.com.pa\/blog\/es\/tecnologias-emergentes-que-marcaran-el-rumbo-del-2026\/#breadcrumb","itemListElement":[{"@type":"ListItem","position":1,"name":"Home","item":"https:\/\/www.flane.com.pa\/blog\/es\/"},{"@type":"ListItem","position":2,"name":"Tecnolog\u00edas emergentes que marcar\u00e1n el rumbo del 2026"}]},{"@type":"WebSite","@id":"https:\/\/www.flane.com.pa\/blog\/#website","url":"https:\/\/www.flane.com.pa\/blog\/","name":"TechTalk powered by Fast Lane LATAM","description":"Sharing ideas and knowledge on IT training and certification","publisher":{"@id":"https:\/\/www.flane.com.pa\/blog\/#organization"},"potentialAction":[{"@type":"SearchAction","target":{"@type":"EntryPoint","urlTemplate":"https:\/\/www.flane.com.pa\/blog\/?s={search_term_string}"},"query-input":{"@type":"PropertyValueSpecification","valueRequired":true,"valueName":"search_term_string"}}],"inLanguage":"pt-BR"},{"@type":"Organization","@id":"https:\/\/www.flane.com.pa\/blog\/#organization","name":"Fast Lane Brasil","url":"https:\/\/www.flane.com.pa\/blog\/","logo":{"@type":"ImageObject","inLanguage":"pt-BR","@id":"https:\/\/www.flane.com.pa\/blog\/#\/schema\/logo\/image\/","url":"https:\/\/www.flane.com.pa\/blog\/wp-content\/uploads\/2019\/10\/fast-lane-ng3.png","contentUrl":"https:\/\/www.flane.com.pa\/blog\/wp-content\/uploads\/2019\/10\/fast-lane-ng3.png","width":209,"height":31,"caption":"Fast Lane Brasil"},"image":{"@id":"https:\/\/www.flane.com.pa\/blog\/#\/schema\/logo\/image\/"},"sameAs":["https:\/\/www.facebook.com\/FastLane.br","https:\/\/x.com\/FastLaneBr","https:\/\/www.instagram.com\/fastlane.br\/","https:\/\/www.linkedin.com\/company\/fastlanebr"]},{"@type":"Person","@id":"https:\/\/www.flane.com.pa\/blog\/#\/schema\/person\/9ca04e8669e599937e2b1cb1089c15cf","name":"Mayra Toullier","image":{"@type":"ImageObject","inLanguage":"pt-BR","@id":"https:\/\/www.flane.com.pa\/blog\/#\/schema\/person\/image\/","url":"https:\/\/secure.gravatar.com\/avatar\/a8ebee7fc1ee72a241cd95e6bead6fa5a0e8ba2630ca552a5b9cfaa1cee2c6bb?s=96&d=mm&r=g","contentUrl":"https:\/\/secure.gravatar.com\/avatar\/a8ebee7fc1ee72a241cd95e6bead6fa5a0e8ba2630ca552a5b9cfaa1cee2c6bb?s=96&d=mm&r=g","caption":"Mayra Toullier"},"description":"Especialista en Marketing Digital y Administraci\u00f3n con experiencia en la planificaci\u00f3n y ejecuci\u00f3n de estrategias digitales para empresas de diversos sectores. Experta en gesti\u00f3n de redes sociales, an\u00e1lisis de resultados, gesti\u00f3n de eventos y creaci\u00f3n de contenido. Capaz de liderar proyectos que incrementen la interacci\u00f3n y ventas digitales, con una formaci\u00f3n constante y orientada a resultados.","sameAs":["www.linkedin.com\/in\/mayratoullier"],"url":"https:\/\/www.flane.com.pa\/blog\/author\/mayra-toullier\/"}]}},"_links":{"self":[{"href":"https:\/\/www.flane.com.pa\/blog\/wp-json\/wp\/v2\/posts\/11733","targetHints":{"allow":["GET"]}}],"collection":[{"href":"https:\/\/www.flane.com.pa\/blog\/wp-json\/wp\/v2\/posts"}],"about":[{"href":"https:\/\/www.flane.com.pa\/blog\/wp-json\/wp\/v2\/types\/post"}],"author":[{"embeddable":true,"href":"https:\/\/www.flane.com.pa\/blog\/wp-json\/wp\/v2\/users\/11"}],"replies":[{"embeddable":true,"href":"https:\/\/www.flane.com.pa\/blog\/wp-json\/wp\/v2\/comments?post=11733"}],"version-history":[{"count":3,"href":"https:\/\/www.flane.com.pa\/blog\/wp-json\/wp\/v2\/posts\/11733\/revisions"}],"predecessor-version":[{"id":11737,"href":"https:\/\/www.flane.com.pa\/blog\/wp-json\/wp\/v2\/posts\/11733\/revisions\/11737"}],"wp:featuredmedia":[{"embeddable":true,"href":"https:\/\/www.flane.com.pa\/blog\/wp-json\/wp\/v2\/media\/11734"}],"wp:attachment":[{"href":"https:\/\/www.flane.com.pa\/blog\/wp-json\/wp\/v2\/media?parent=11733"}],"wp:term":[{"taxonomy":"category","embeddable":true,"href":"https:\/\/www.flane.com.pa\/blog\/wp-json\/wp\/v2\/categories?post=11733"},{"taxonomy":"post_tag","embeddable":true,"href":"https:\/\/www.flane.com.pa\/blog\/wp-json\/wp\/v2\/tags?post=11733"}],"curies":[{"name":"wp","href":"https:\/\/api.w.org\/{rel}","templated":true}]}}