{"id":11874,"date":"2026-01-08T17:51:05","date_gmt":"2026-01-08T20:51:05","guid":{"rendered":"https:\/\/www.flane.com.pa\/blog\/?p=11874"},"modified":"2026-01-08T17:58:26","modified_gmt":"2026-01-08T20:58:26","slug":"europa-intensifica-su-regulacion-tech-en-2026-que-cambia-para-empresas-y-desarrolladores","status":"publish","type":"post","link":"https:\/\/www.flane.com.pa\/blog\/es\/europa-intensifica-su-regulacion-tech-en-2026-que-cambia-para-empresas-y-desarrolladores\/","title":{"rendered":"Europa intensifica su regulaci\u00f3n tech en 2026: \u00bfqu\u00e9 cambia para empresas y desarrolladores?"},"content":{"rendered":"<span class=\"span-reading-time rt-reading-time\" style=\"display: block;\"><span class=\"rt-label rt-prefix\">Reading time: <\/span> <span class=\"rt-time\"> 2<\/span> <span class=\"rt-label rt-postfix\">minutes - <\/span><\/span><section class=\"l-section wpb_row height_small\"><div class=\"l-section-h i-cf\"><div class=\"g-cols vc_row via_flex valign_top type_default stacking_default\"><div class=\"vc_col-sm-12 wpb_column vc_column_container\"><div class=\"vc_column-inner\"><div class=\"wpb_wrapper\"><div class=\"wpb_text_column\"><div class=\"wpb_wrapper\"><p><span>En 2026, Europa consolida uno de los marcos regulatorios tecnol\u00f3gicos m\u00e1s ambiciosos del mundo. Con la entrada en vigor progresiva de normativas clave como el <\/span><strong><span>AI Act<\/span><\/strong><span>, el <\/span><strong><span>Data Act<\/span><\/strong><span>, el <\/span><strong><span>Digital Markets Act (DMA)<\/span><\/strong><span> y el <\/span><strong><span>Digital Services Act (DSA)<\/span><\/strong><span>, el continente avanza hacia un modelo donde la innovaci\u00f3n tecnol\u00f3gica debe ir de la mano de la <\/span><strong><span>seguridad, la transparencia y la protecci\u00f3n de derechos<\/span><\/strong><span>.<\/span><\/p>\n<p><span>Pero \u00bfqu\u00e9 significa esto en la pr\u00e1ctica para las empresas tecnol\u00f3gicas, startups y desarrolladores que operan \u2014o quieren operar\u2014 en el mercado europeo?<\/span><\/p>\n<\/div><\/div><\/div><\/div><\/div><\/div><\/div><\/section><section class=\"l-section wpb_row height_small\"><div class=\"l-section-h i-cf\"><div class=\"g-cols vc_row via_flex valign_top type_default stacking_default\"><div class=\"vc_col-sm-12 wpb_column vc_column_container\"><div class=\"vc_column-inner\"><div class=\"wpb_wrapper\"><div class=\"wpb_text_column\"><div class=\"wpb_wrapper\"><h2><strong>Un nuevo equilibrio entre innovaci\u00f3n y regulaci\u00f3n<\/strong><\/h2>\n<p><span>El objetivo de la Uni\u00f3n Europea no es frenar la innovaci\u00f3n, sino <\/span><strong><span>establecer reglas claras<\/span><\/strong><span> que generen confianza en el uso de tecnolog\u00edas emergentes, especialmente en \u00e1reas cr\u00edticas como <\/span><strong><span>inteligencia artificial, manejo de datos, plataformas digitales y ciberseguridad<\/span><\/strong><span>.<\/span><\/p>\n<p><span>A diferencia de otros mercados, Europa apuesta por un enfoque preventivo: regular antes de que los riesgos escalen. En 2026, este enfoque se traduce en mayores responsabilidades para quienes dise\u00f1an, implementan y comercializan tecnolog\u00eda.<\/span><\/p>\n<\/div><\/div><\/div><\/div><\/div><\/div><\/div><\/section><section class=\"l-section wpb_row height_small\"><div class=\"l-section-h i-cf\"><div class=\"g-cols vc_row via_flex valign_top type_default stacking_default\"><div class=\"vc_col-sm-12 wpb_column vc_column_container\"><div class=\"vc_column-inner\"><div class=\"wpb_wrapper\"><div class=\"wpb_text_column\"><div class=\"wpb_wrapper\"><h2><strong>Principales cambios regulatorios que marcan 2026<\/strong><\/h2>\n<h3><span>1. Inteligencia Artificial bajo mayor supervisi\u00f3n (AI Act)<\/span><\/h3>\n<p><span>El <\/span><strong><span>AI Act<\/span><\/strong><span> introduce una clasificaci\u00f3n de sistemas de IA seg\u00fan su nivel de riesgo (m\u00ednimo, limitado, alto e inaceptable). Para empresas y desarrolladores, esto implica:<\/span><\/p>\n<ul data-spread=\"false\">\n<li><span>Evaluaciones de riesgo obligatorias para sistemas de IA de alto impacto.<\/span><\/li>\n<li><span>Requisitos de transparencia sobre c\u00f3mo funcionan los algoritmos.<\/span><\/li>\n<li><span>Documentaci\u00f3n t\u00e9cnica y trazabilidad desde el dise\u00f1o.<\/span><\/li>\n<li><span>Controles m\u00e1s estrictos en sectores como salud, finanzas, educaci\u00f3n y empleo.<\/span><\/li>\n<\/ul>\n<p><span>En la pr\u00e1ctica, desarrollar IA en Europa en 2026 requiere pensar en <\/span><strong><span>compliance desde el c\u00f3digo<\/span><\/strong><span>.<\/span><\/p>\n<\/div><\/div><\/div><\/div><\/div><\/div><\/div><\/section><section class=\"l-section wpb_row height_small\"><div class=\"l-section-h i-cf\"><div class=\"g-cols vc_row via_flex valign_top type_default stacking_default\"><div class=\"vc_col-sm-12 wpb_column vc_column_container\"><div class=\"vc_column-inner\"><div class=\"wpb_wrapper\"><div class=\"wpb_text_column\"><div class=\"wpb_wrapper\"><h3><span>2. M\u00e1s control sobre los datos (Data Act)<\/span><\/h3>\n<p><span>El <\/span><strong><span>Data Act<\/span><\/strong><span> redefine qui\u00e9n puede acceder y usar los datos generados por dispositivos, plataformas y servicios digitales. Los cambios clave incluyen:<\/span><\/p>\n<ul data-spread=\"false\">\n<li><span>Mayor poder para usuarios y empresas sobre los datos que generan.<\/span><\/li>\n<li><span>Obligaciones de interoperabilidad y portabilidad.<\/span><\/li>\n<li><span>Nuevas reglas para compartir datos con terceros, incluidos proveedores cloud.<\/span><\/li>\n<\/ul>\n<p><span>Para las organizaciones, esto supone revisar arquitecturas, contratos y estrategias de datos para evitar bloqueos tecnol\u00f3gicos.<\/span><\/p>\n<\/div><\/div><\/div><\/div><\/div><\/div><\/div><\/section><section class=\"l-section wpb_row height_small\"><div class=\"l-section-h i-cf\"><div class=\"g-cols vc_row via_flex valign_top type_default stacking_default\"><div class=\"vc_col-sm-12 wpb_column vc_column_container\"><div class=\"vc_column-inner\"><div class=\"wpb_wrapper\"><div class=\"wpb_text_column\"><div class=\"wpb_wrapper\"><h3><span>3. Reglas m\u00e1s estrictas para grandes plataformas (DMA y DSA)<\/span><\/h3>\n<p><span>Las grandes plataformas digitales enfrentan nuevas obligaciones:<\/span><\/p>\n<ul data-spread=\"false\">\n<li><span>Prohibici\u00f3n de pr\u00e1cticas anticompetitivas.<\/span><\/li>\n<li><span>Mayor transparencia en algoritmos de recomendaci\u00f3n.<\/span><\/li>\n<li><span>Responsabilidad ampliada sobre contenidos, publicidad y protecci\u00f3n del usuario.<\/span><\/li>\n<\/ul>\n<p><span>Aunque estas leyes apuntan principalmente a los \u201cgatekeepers\u201d, tambi\u00e9n impactan a <\/span><strong><span>desarrolladores y empresas que dependen de estos ecosistemas<\/span><\/strong><span>.<\/span><\/p>\n<\/div><\/div><\/div><\/div><\/div><\/div><\/div><\/section><section class=\"l-section wpb_row height_small\"><div class=\"l-section-h i-cf\"><div class=\"g-cols vc_row via_flex valign_top type_default stacking_default\"><div class=\"vc_col-sm-12 wpb_column vc_column_container\"><div class=\"vc_column-inner\"><div class=\"wpb_wrapper\"><div class=\"wpb_text_column\"><div class=\"wpb_wrapper\"><h2><strong>\u00bfC\u00f3mo impacta esto a empresas y desarrolladores?<\/strong><\/h2>\n<p><span>En 2026, adaptarse a la regulaci\u00f3n tech europea deja de ser opcional y se convierte en una <\/span><strong><span>ventaja competitiva<\/span><\/strong><span>. Los principales impactos son:<\/span><\/p>\n<ul data-spread=\"false\">\n<li><strong><span>M\u00e1s inversi\u00f3n en compliance y seguridad desde etapas tempranas.<\/span><\/strong><\/li>\n<li><strong><span>Mayor colaboraci\u00f3n entre equipos legales, de negocio y de TI.<\/span><\/strong><\/li>\n<li><strong><span>Dise\u00f1o de productos con enfoque en \u00e9tica, privacidad y transparencia.<\/span><\/strong><\/li>\n<li><strong><span>Nuevas oportunidades para soluciones RegTech, GovTech y de ciberseguridad.<\/span><\/strong><\/li>\n<\/ul>\n<p><span>Las empresas que integren estos requisitos desde el inicio reducir\u00e1n riesgos legales y ganar\u00e1n confianza en el mercado europeo.<\/span><\/p>\n<\/div><\/div><\/div><\/div><\/div><\/div><\/div><\/section><section class=\"l-section wpb_row height_small\"><div class=\"l-section-h i-cf\"><div class=\"g-cols vc_row via_flex valign_top type_default stacking_default\"><div class=\"vc_col-sm-12 wpb_column vc_column_container\"><div class=\"vc_column-inner\"><div class=\"wpb_wrapper\"><div class=\"wpb_text_column\"><div class=\"wpb_wrapper\"><h2><strong>Prepararse hoy para competir ma\u00f1ana<\/strong><\/h2>\n<p><span>Europa est\u00e1 marcando el rumbo global en regulaci\u00f3n tecnol\u00f3gica. Para 2026, el mensaje es claro: <\/span><strong><span>innovar s\u00ed, pero con responsabilidad<\/span><\/strong><span>. Empresas y desarrolladores que entiendan este nuevo marco no solo cumplir\u00e1n la norma, sino que estar\u00e1n mejor posicionados para escalar de forma sostenible.<\/span><\/p>\n<p><span>En un entorno donde la tecnolog\u00eda avanza m\u00e1s r\u00e1pido que nunca, <\/span><strong><span>conocer la regulaci\u00f3n ya es parte del stack tecnol\u00f3gico<\/span><\/strong><span>.<\/span><\/p>\n<\/div><\/div><\/div><\/div><\/div><\/div><\/div><\/section><section class=\"l-section wpb_row height_small\"><div class=\"l-section-h i-cf\"><div class=\"g-cols vc_row via_flex valign_top type_default stacking_default\"><div class=\"vc_col-sm-12 wpb_column vc_column_container\"><div class=\"vc_column-inner\"><div class=\"wpb_wrapper\"><div class=\"wpb_text_column\"><div class=\"wpb_wrapper\"><p>\u00bfTu organizaci\u00f3n est\u00e1 preparada para este nuevo escenario regulatorio en Europa?<\/p>\n<p>En TechTalk seguiremos analizando c\u00f3mo la tecnolog\u00eda, la innovaci\u00f3n y la regulaci\u00f3n convergen en el futuro digital.<\/p>\n<\/div><\/div><\/div><\/div><\/div><\/div><\/div><\/section>\n","protected":false},"excerpt":{"rendered":"En 2026, Europa consolida uno de los marcos regulatorios tecnol\u00f3gicos m\u00e1s ambiciosos del mundo. Con la entrada en vigor progresiva de normativas clave como el AI Act, el Data Act, el Digital Markets Act (DMA) y el Digital Services Act (DSA), el continente avanza hacia un modelo donde la innovaci\u00f3n tecnol\u00f3gica debe ir de la...","protected":false},"author":11,"featured_media":11875,"comment_status":"closed","ping_status":"closed","sticky":false,"template":"","format":"standard","meta":{"_acf_changed":false,"footnotes":""},"categories":[1805,1813,1811,1924],"tags":[4873,4887,4881,4875,4889,4891,4877,4879,4893,4871,4883,4865,4867,4869,4885],"class_list":["post-11874","post","type-post","status-publish","format-standard","has-post-thumbnail","hentry","category-ai","category-bigdata","category-devops","category-fastlane","tag-ai-act","tag-ciberseguridad-europa","tag-compliance-tech","tag-data-act","tag-datos-y-privacidad","tag-desarrollo-software-europa","tag-dma","tag-dsa","tag-empresas-tech-europa","tag-ia-en-europa","tag-regulacion-digital","tag-regulacion-tech-europa","tag-regulacion-tecnologica-ue","tag-tech-regulation-europe","tag-tecnologia-y-regulacion"],"acf":[],"yoast_head":"<!-- This site is optimized with the Yoast SEO plugin v26.6 - https:\/\/yoast.com\/wordpress\/plugins\/seo\/ -->\n<title>Europa intensifica su regulaci\u00f3n tech en 2026: \u00bfqu\u00e9 cambia para empresas y desarrolladores? - TechTalk powered by Fast Lane LATAM<\/title>\n<meta name=\"robots\" content=\"index, follow, max-snippet:-1, max-image-preview:large, max-video-preview:-1\" \/>\n<link rel=\"canonical\" href=\"https:\/\/www.flane.com.pa\/blog\/es\/europa-intensifica-su-regulacion-tech-en-2026-que-cambia-para-empresas-y-desarrolladores\/\" \/>\n<meta property=\"og:locale\" content=\"pt_BR\" \/>\n<meta property=\"og:type\" content=\"article\" \/>\n<meta property=\"og:title\" content=\"Europa intensifica su regulaci\u00f3n tech en 2026: \u00bfqu\u00e9 cambia para empresas y desarrolladores? - TechTalk powered by Fast Lane LATAM\" \/>\n<meta property=\"og:url\" content=\"https:\/\/www.flane.com.pa\/blog\/es\/europa-intensifica-su-regulacion-tech-en-2026-que-cambia-para-empresas-y-desarrolladores\/\" \/>\n<meta property=\"og:site_name\" content=\"TechTalk powered by Fast Lane LATAM\" \/>\n<meta property=\"article:publisher\" content=\"https:\/\/www.facebook.com\/FastLane.br\" \/>\n<meta property=\"article:published_time\" content=\"2026-01-08T20:51:05+00:00\" \/>\n<meta property=\"article:modified_time\" content=\"2026-01-08T20:58:26+00:00\" \/>\n<meta property=\"og:image\" content=\"https:\/\/www.flane.com.pa\/blog\/wp-content\/uploads\/2026\/01\/Europa-intensifica-su-regulacion-tech-en-2026-\u00bfque-cambia-para-empresas-y-desarrolladores.png\" \/>\n\t<meta property=\"og:image:width\" content=\"1280\" \/>\n\t<meta property=\"og:image:height\" content=\"720\" \/>\n\t<meta property=\"og:image:type\" content=\"image\/png\" \/>\n<meta name=\"author\" content=\"Mayra Toullier\" \/>\n<meta name=\"twitter:card\" content=\"summary_large_image\" \/>\n<meta name=\"twitter:creator\" content=\"@FastLaneBr\" \/>\n<meta name=\"twitter:site\" content=\"@FastLaneBr\" \/>\n<meta name=\"twitter:label1\" content=\"Escrito por\" \/>\n\t<meta name=\"twitter:data1\" content=\"Mayra Toullier\" \/>\n\t<meta name=\"twitter:label2\" content=\"Est. tempo de leitura\" \/>\n\t<meta name=\"twitter:data2\" content=\"4 minutos\" \/>\n<script type=\"application\/ld+json\" class=\"yoast-schema-graph\">{\"@context\":\"https:\/\/schema.org\",\"@graph\":[{\"@type\":\"Article\",\"@id\":\"https:\/\/www.flane.com.pa\/blog\/es\/europa-intensifica-su-regulacion-tech-en-2026-que-cambia-para-empresas-y-desarrolladores\/#article\",\"isPartOf\":{\"@id\":\"https:\/\/www.flane.com.pa\/blog\/es\/europa-intensifica-su-regulacion-tech-en-2026-que-cambia-para-empresas-y-desarrolladores\/\"},\"author\":{\"name\":\"Mayra Toullier\",\"@id\":\"https:\/\/www.flane.com.pa\/blog\/#\/schema\/person\/9ca04e8669e599937e2b1cb1089c15cf\"},\"headline\":\"Europa intensifica su regulaci\u00f3n tech en 2026: \u00bfqu\u00e9 cambia para empresas y desarrolladores?\",\"datePublished\":\"2026-01-08T20:51:05+00:00\",\"dateModified\":\"2026-01-08T20:58:26+00:00\",\"mainEntityOfPage\":{\"@id\":\"https:\/\/www.flane.com.pa\/blog\/es\/europa-intensifica-su-regulacion-tech-en-2026-que-cambia-para-empresas-y-desarrolladores\/\"},\"wordCount\":746,\"publisher\":{\"@id\":\"https:\/\/www.flane.com.pa\/blog\/#organization\"},\"image\":{\"@id\":\"https:\/\/www.flane.com.pa\/blog\/es\/europa-intensifica-su-regulacion-tech-en-2026-que-cambia-para-empresas-y-desarrolladores\/#primaryimage\"},\"thumbnailUrl\":\"https:\/\/www.flane.com.pa\/blog\/wp-content\/uploads\/2026\/01\/Europa-intensifica-su-regulacion-tech-en-2026-\u00bfque-cambia-para-empresas-y-desarrolladores.png\",\"keywords\":[\"AI Act\",\"ciberseguridad Europa\",\"compliance tech\",\"Data Act\",\"datos y privacidad\",\"desarrollo software Europa\",\"DMA\",\"DSA\",\"empresas tech Europa\",\"IA en Europa\",\"regulaci\u00f3n digital\",\"regulaci\u00f3n tech Europa\",\"regulaci\u00f3n tecnol\u00f3gica UE\",\"tech regulation Europe\",\"tecnolog\u00eda y regulaci\u00f3n\"],\"articleSection\":[\"Artificial Intelligence\",\"Big Data\",\"DevOps\",\"Fast Lane\"],\"inLanguage\":\"pt-BR\"},{\"@type\":\"WebPage\",\"@id\":\"https:\/\/www.flane.com.pa\/blog\/es\/europa-intensifica-su-regulacion-tech-en-2026-que-cambia-para-empresas-y-desarrolladores\/\",\"url\":\"https:\/\/www.flane.com.pa\/blog\/es\/europa-intensifica-su-regulacion-tech-en-2026-que-cambia-para-empresas-y-desarrolladores\/\",\"name\":\"Europa intensifica su regulaci\u00f3n tech en 2026: \u00bfqu\u00e9 cambia para empresas y desarrolladores? - TechTalk powered by Fast Lane LATAM\",\"isPartOf\":{\"@id\":\"https:\/\/www.flane.com.pa\/blog\/#website\"},\"primaryImageOfPage\":{\"@id\":\"https:\/\/www.flane.com.pa\/blog\/es\/europa-intensifica-su-regulacion-tech-en-2026-que-cambia-para-empresas-y-desarrolladores\/#primaryimage\"},\"image\":{\"@id\":\"https:\/\/www.flane.com.pa\/blog\/es\/europa-intensifica-su-regulacion-tech-en-2026-que-cambia-para-empresas-y-desarrolladores\/#primaryimage\"},\"thumbnailUrl\":\"https:\/\/www.flane.com.pa\/blog\/wp-content\/uploads\/2026\/01\/Europa-intensifica-su-regulacion-tech-en-2026-\u00bfque-cambia-para-empresas-y-desarrolladores.png\",\"datePublished\":\"2026-01-08T20:51:05+00:00\",\"dateModified\":\"2026-01-08T20:58:26+00:00\",\"breadcrumb\":{\"@id\":\"https:\/\/www.flane.com.pa\/blog\/es\/europa-intensifica-su-regulacion-tech-en-2026-que-cambia-para-empresas-y-desarrolladores\/#breadcrumb\"},\"inLanguage\":\"pt-BR\",\"potentialAction\":[{\"@type\":\"ReadAction\",\"target\":[\"https:\/\/www.flane.com.pa\/blog\/es\/europa-intensifica-su-regulacion-tech-en-2026-que-cambia-para-empresas-y-desarrolladores\/\"]}]},{\"@type\":\"ImageObject\",\"inLanguage\":\"pt-BR\",\"@id\":\"https:\/\/www.flane.com.pa\/blog\/es\/europa-intensifica-su-regulacion-tech-en-2026-que-cambia-para-empresas-y-desarrolladores\/#primaryimage\",\"url\":\"https:\/\/www.flane.com.pa\/blog\/wp-content\/uploads\/2026\/01\/Europa-intensifica-su-regulacion-tech-en-2026-\u00bfque-cambia-para-empresas-y-desarrolladores.png\",\"contentUrl\":\"https:\/\/www.flane.com.pa\/blog\/wp-content\/uploads\/2026\/01\/Europa-intensifica-su-regulacion-tech-en-2026-\u00bfque-cambia-para-empresas-y-desarrolladores.png\",\"width\":1280,\"height\":720},{\"@type\":\"BreadcrumbList\",\"@id\":\"https:\/\/www.flane.com.pa\/blog\/es\/europa-intensifica-su-regulacion-tech-en-2026-que-cambia-para-empresas-y-desarrolladores\/#breadcrumb\",\"itemListElement\":[{\"@type\":\"ListItem\",\"position\":1,\"name\":\"Home\",\"item\":\"https:\/\/www.flane.com.pa\/blog\/es\/\"},{\"@type\":\"ListItem\",\"position\":2,\"name\":\"Europa intensifica su regulaci\u00f3n tech en 2026: \u00bfqu\u00e9 cambia para empresas y desarrolladores?\"}]},{\"@type\":\"WebSite\",\"@id\":\"https:\/\/www.flane.com.pa\/blog\/#website\",\"url\":\"https:\/\/www.flane.com.pa\/blog\/\",\"name\":\"TechTalk powered by Fast Lane LATAM\",\"description\":\"Sharing ideas and knowledge on IT training and certification\",\"publisher\":{\"@id\":\"https:\/\/www.flane.com.pa\/blog\/#organization\"},\"potentialAction\":[{\"@type\":\"SearchAction\",\"target\":{\"@type\":\"EntryPoint\",\"urlTemplate\":\"https:\/\/www.flane.com.pa\/blog\/?s={search_term_string}\"},\"query-input\":{\"@type\":\"PropertyValueSpecification\",\"valueRequired\":true,\"valueName\":\"search_term_string\"}}],\"inLanguage\":\"pt-BR\"},{\"@type\":\"Organization\",\"@id\":\"https:\/\/www.flane.com.pa\/blog\/#organization\",\"name\":\"Fast Lane Brasil\",\"url\":\"https:\/\/www.flane.com.pa\/blog\/\",\"logo\":{\"@type\":\"ImageObject\",\"inLanguage\":\"pt-BR\",\"@id\":\"https:\/\/www.flane.com.pa\/blog\/#\/schema\/logo\/image\/\",\"url\":\"https:\/\/www.flane.com.pa\/blog\/wp-content\/uploads\/2019\/10\/fast-lane-ng3.png\",\"contentUrl\":\"https:\/\/www.flane.com.pa\/blog\/wp-content\/uploads\/2019\/10\/fast-lane-ng3.png\",\"width\":209,\"height\":31,\"caption\":\"Fast Lane Brasil\"},\"image\":{\"@id\":\"https:\/\/www.flane.com.pa\/blog\/#\/schema\/logo\/image\/\"},\"sameAs\":[\"https:\/\/www.facebook.com\/FastLane.br\",\"https:\/\/x.com\/FastLaneBr\",\"https:\/\/www.instagram.com\/fastlane.br\/\",\"https:\/\/www.linkedin.com\/company\/fastlanebr\"]},{\"@type\":\"Person\",\"@id\":\"https:\/\/www.flane.com.pa\/blog\/#\/schema\/person\/9ca04e8669e599937e2b1cb1089c15cf\",\"name\":\"Mayra Toullier\",\"image\":{\"@type\":\"ImageObject\",\"inLanguage\":\"pt-BR\",\"@id\":\"https:\/\/www.flane.com.pa\/blog\/#\/schema\/person\/image\/\",\"url\":\"https:\/\/secure.gravatar.com\/avatar\/a8ebee7fc1ee72a241cd95e6bead6fa5a0e8ba2630ca552a5b9cfaa1cee2c6bb?s=96&d=mm&r=g\",\"contentUrl\":\"https:\/\/secure.gravatar.com\/avatar\/a8ebee7fc1ee72a241cd95e6bead6fa5a0e8ba2630ca552a5b9cfaa1cee2c6bb?s=96&d=mm&r=g\",\"caption\":\"Mayra Toullier\"},\"description\":\"Especialista en Marketing Digital y Administraci\u00f3n con experiencia en la planificaci\u00f3n y ejecuci\u00f3n de estrategias digitales para empresas de diversos sectores. Experta en gesti\u00f3n de redes sociales, an\u00e1lisis de resultados, gesti\u00f3n de eventos y creaci\u00f3n de contenido. Capaz de liderar proyectos que incrementen la interacci\u00f3n y ventas digitales, con una formaci\u00f3n constante y orientada a resultados.\",\"sameAs\":[\"www.linkedin.com\/in\/mayratoullier\"],\"url\":\"https:\/\/www.flane.com.pa\/blog\/author\/mayra-toullier\/\"}]}<\/script>\n<!-- \/ Yoast SEO plugin. -->","yoast_head_json":{"title":"Europa intensifica su regulaci\u00f3n tech en 2026: \u00bfqu\u00e9 cambia para empresas y desarrolladores? - TechTalk powered by Fast Lane LATAM","robots":{"index":"index","follow":"follow","max-snippet":"max-snippet:-1","max-image-preview":"max-image-preview:large","max-video-preview":"max-video-preview:-1"},"canonical":"https:\/\/www.flane.com.pa\/blog\/es\/europa-intensifica-su-regulacion-tech-en-2026-que-cambia-para-empresas-y-desarrolladores\/","og_locale":"pt_BR","og_type":"article","og_title":"Europa intensifica su regulaci\u00f3n tech en 2026: \u00bfqu\u00e9 cambia para empresas y desarrolladores? - TechTalk powered by Fast Lane LATAM","og_url":"https:\/\/www.flane.com.pa\/blog\/es\/europa-intensifica-su-regulacion-tech-en-2026-que-cambia-para-empresas-y-desarrolladores\/","og_site_name":"TechTalk powered by Fast Lane LATAM","article_publisher":"https:\/\/www.facebook.com\/FastLane.br","article_published_time":"2026-01-08T20:51:05+00:00","article_modified_time":"2026-01-08T20:58:26+00:00","og_image":[{"width":1280,"height":720,"url":"https:\/\/www.flane.com.pa\/blog\/wp-content\/uploads\/2026\/01\/Europa-intensifica-su-regulacion-tech-en-2026-\u00bfque-cambia-para-empresas-y-desarrolladores.png","type":"image\/png"}],"author":"Mayra Toullier","twitter_card":"summary_large_image","twitter_creator":"@FastLaneBr","twitter_site":"@FastLaneBr","twitter_misc":{"Escrito por":"Mayra Toullier","Est. tempo de leitura":"4 minutos"},"schema":{"@context":"https:\/\/schema.org","@graph":[{"@type":"Article","@id":"https:\/\/www.flane.com.pa\/blog\/es\/europa-intensifica-su-regulacion-tech-en-2026-que-cambia-para-empresas-y-desarrolladores\/#article","isPartOf":{"@id":"https:\/\/www.flane.com.pa\/blog\/es\/europa-intensifica-su-regulacion-tech-en-2026-que-cambia-para-empresas-y-desarrolladores\/"},"author":{"name":"Mayra Toullier","@id":"https:\/\/www.flane.com.pa\/blog\/#\/schema\/person\/9ca04e8669e599937e2b1cb1089c15cf"},"headline":"Europa intensifica su regulaci\u00f3n tech en 2026: \u00bfqu\u00e9 cambia para empresas y desarrolladores?","datePublished":"2026-01-08T20:51:05+00:00","dateModified":"2026-01-08T20:58:26+00:00","mainEntityOfPage":{"@id":"https:\/\/www.flane.com.pa\/blog\/es\/europa-intensifica-su-regulacion-tech-en-2026-que-cambia-para-empresas-y-desarrolladores\/"},"wordCount":746,"publisher":{"@id":"https:\/\/www.flane.com.pa\/blog\/#organization"},"image":{"@id":"https:\/\/www.flane.com.pa\/blog\/es\/europa-intensifica-su-regulacion-tech-en-2026-que-cambia-para-empresas-y-desarrolladores\/#primaryimage"},"thumbnailUrl":"https:\/\/www.flane.com.pa\/blog\/wp-content\/uploads\/2026\/01\/Europa-intensifica-su-regulacion-tech-en-2026-\u00bfque-cambia-para-empresas-y-desarrolladores.png","keywords":["AI Act","ciberseguridad Europa","compliance tech","Data Act","datos y privacidad","desarrollo software Europa","DMA","DSA","empresas tech Europa","IA en Europa","regulaci\u00f3n digital","regulaci\u00f3n tech Europa","regulaci\u00f3n tecnol\u00f3gica UE","tech regulation Europe","tecnolog\u00eda y regulaci\u00f3n"],"articleSection":["Artificial Intelligence","Big Data","DevOps","Fast Lane"],"inLanguage":"pt-BR"},{"@type":"WebPage","@id":"https:\/\/www.flane.com.pa\/blog\/es\/europa-intensifica-su-regulacion-tech-en-2026-que-cambia-para-empresas-y-desarrolladores\/","url":"https:\/\/www.flane.com.pa\/blog\/es\/europa-intensifica-su-regulacion-tech-en-2026-que-cambia-para-empresas-y-desarrolladores\/","name":"Europa intensifica su regulaci\u00f3n tech en 2026: \u00bfqu\u00e9 cambia para empresas y desarrolladores? - TechTalk powered by Fast Lane LATAM","isPartOf":{"@id":"https:\/\/www.flane.com.pa\/blog\/#website"},"primaryImageOfPage":{"@id":"https:\/\/www.flane.com.pa\/blog\/es\/europa-intensifica-su-regulacion-tech-en-2026-que-cambia-para-empresas-y-desarrolladores\/#primaryimage"},"image":{"@id":"https:\/\/www.flane.com.pa\/blog\/es\/europa-intensifica-su-regulacion-tech-en-2026-que-cambia-para-empresas-y-desarrolladores\/#primaryimage"},"thumbnailUrl":"https:\/\/www.flane.com.pa\/blog\/wp-content\/uploads\/2026\/01\/Europa-intensifica-su-regulacion-tech-en-2026-\u00bfque-cambia-para-empresas-y-desarrolladores.png","datePublished":"2026-01-08T20:51:05+00:00","dateModified":"2026-01-08T20:58:26+00:00","breadcrumb":{"@id":"https:\/\/www.flane.com.pa\/blog\/es\/europa-intensifica-su-regulacion-tech-en-2026-que-cambia-para-empresas-y-desarrolladores\/#breadcrumb"},"inLanguage":"pt-BR","potentialAction":[{"@type":"ReadAction","target":["https:\/\/www.flane.com.pa\/blog\/es\/europa-intensifica-su-regulacion-tech-en-2026-que-cambia-para-empresas-y-desarrolladores\/"]}]},{"@type":"ImageObject","inLanguage":"pt-BR","@id":"https:\/\/www.flane.com.pa\/blog\/es\/europa-intensifica-su-regulacion-tech-en-2026-que-cambia-para-empresas-y-desarrolladores\/#primaryimage","url":"https:\/\/www.flane.com.pa\/blog\/wp-content\/uploads\/2026\/01\/Europa-intensifica-su-regulacion-tech-en-2026-\u00bfque-cambia-para-empresas-y-desarrolladores.png","contentUrl":"https:\/\/www.flane.com.pa\/blog\/wp-content\/uploads\/2026\/01\/Europa-intensifica-su-regulacion-tech-en-2026-\u00bfque-cambia-para-empresas-y-desarrolladores.png","width":1280,"height":720},{"@type":"BreadcrumbList","@id":"https:\/\/www.flane.com.pa\/blog\/es\/europa-intensifica-su-regulacion-tech-en-2026-que-cambia-para-empresas-y-desarrolladores\/#breadcrumb","itemListElement":[{"@type":"ListItem","position":1,"name":"Home","item":"https:\/\/www.flane.com.pa\/blog\/es\/"},{"@type":"ListItem","position":2,"name":"Europa intensifica su regulaci\u00f3n tech en 2026: \u00bfqu\u00e9 cambia para empresas y desarrolladores?"}]},{"@type":"WebSite","@id":"https:\/\/www.flane.com.pa\/blog\/#website","url":"https:\/\/www.flane.com.pa\/blog\/","name":"TechTalk powered by Fast Lane LATAM","description":"Sharing ideas and knowledge on IT training and certification","publisher":{"@id":"https:\/\/www.flane.com.pa\/blog\/#organization"},"potentialAction":[{"@type":"SearchAction","target":{"@type":"EntryPoint","urlTemplate":"https:\/\/www.flane.com.pa\/blog\/?s={search_term_string}"},"query-input":{"@type":"PropertyValueSpecification","valueRequired":true,"valueName":"search_term_string"}}],"inLanguage":"pt-BR"},{"@type":"Organization","@id":"https:\/\/www.flane.com.pa\/blog\/#organization","name":"Fast Lane Brasil","url":"https:\/\/www.flane.com.pa\/blog\/","logo":{"@type":"ImageObject","inLanguage":"pt-BR","@id":"https:\/\/www.flane.com.pa\/blog\/#\/schema\/logo\/image\/","url":"https:\/\/www.flane.com.pa\/blog\/wp-content\/uploads\/2019\/10\/fast-lane-ng3.png","contentUrl":"https:\/\/www.flane.com.pa\/blog\/wp-content\/uploads\/2019\/10\/fast-lane-ng3.png","width":209,"height":31,"caption":"Fast Lane Brasil"},"image":{"@id":"https:\/\/www.flane.com.pa\/blog\/#\/schema\/logo\/image\/"},"sameAs":["https:\/\/www.facebook.com\/FastLane.br","https:\/\/x.com\/FastLaneBr","https:\/\/www.instagram.com\/fastlane.br\/","https:\/\/www.linkedin.com\/company\/fastlanebr"]},{"@type":"Person","@id":"https:\/\/www.flane.com.pa\/blog\/#\/schema\/person\/9ca04e8669e599937e2b1cb1089c15cf","name":"Mayra Toullier","image":{"@type":"ImageObject","inLanguage":"pt-BR","@id":"https:\/\/www.flane.com.pa\/blog\/#\/schema\/person\/image\/","url":"https:\/\/secure.gravatar.com\/avatar\/a8ebee7fc1ee72a241cd95e6bead6fa5a0e8ba2630ca552a5b9cfaa1cee2c6bb?s=96&d=mm&r=g","contentUrl":"https:\/\/secure.gravatar.com\/avatar\/a8ebee7fc1ee72a241cd95e6bead6fa5a0e8ba2630ca552a5b9cfaa1cee2c6bb?s=96&d=mm&r=g","caption":"Mayra Toullier"},"description":"Especialista en Marketing Digital y Administraci\u00f3n con experiencia en la planificaci\u00f3n y ejecuci\u00f3n de estrategias digitales para empresas de diversos sectores. Experta en gesti\u00f3n de redes sociales, an\u00e1lisis de resultados, gesti\u00f3n de eventos y creaci\u00f3n de contenido. Capaz de liderar proyectos que incrementen la interacci\u00f3n y ventas digitales, con una formaci\u00f3n constante y orientada a resultados.","sameAs":["www.linkedin.com\/in\/mayratoullier"],"url":"https:\/\/www.flane.com.pa\/blog\/author\/mayra-toullier\/"}]}},"_links":{"self":[{"href":"https:\/\/www.flane.com.pa\/blog\/wp-json\/wp\/v2\/posts\/11874","targetHints":{"allow":["GET"]}}],"collection":[{"href":"https:\/\/www.flane.com.pa\/blog\/wp-json\/wp\/v2\/posts"}],"about":[{"href":"https:\/\/www.flane.com.pa\/blog\/wp-json\/wp\/v2\/types\/post"}],"author":[{"embeddable":true,"href":"https:\/\/www.flane.com.pa\/blog\/wp-json\/wp\/v2\/users\/11"}],"replies":[{"embeddable":true,"href":"https:\/\/www.flane.com.pa\/blog\/wp-json\/wp\/v2\/comments?post=11874"}],"version-history":[{"count":1,"href":"https:\/\/www.flane.com.pa\/blog\/wp-json\/wp\/v2\/posts\/11874\/revisions"}],"predecessor-version":[{"id":11876,"href":"https:\/\/www.flane.com.pa\/blog\/wp-json\/wp\/v2\/posts\/11874\/revisions\/11876"}],"wp:featuredmedia":[{"embeddable":true,"href":"https:\/\/www.flane.com.pa\/blog\/wp-json\/wp\/v2\/media\/11875"}],"wp:attachment":[{"href":"https:\/\/www.flane.com.pa\/blog\/wp-json\/wp\/v2\/media?parent=11874"}],"wp:term":[{"taxonomy":"category","embeddable":true,"href":"https:\/\/www.flane.com.pa\/blog\/wp-json\/wp\/v2\/categories?post=11874"},{"taxonomy":"post_tag","embeddable":true,"href":"https:\/\/www.flane.com.pa\/blog\/wp-json\/wp\/v2\/tags?post=11874"}],"curies":[{"name":"wp","href":"https:\/\/api.w.org\/{rel}","templated":true}]}}