{"id":11956,"date":"2026-02-11T15:51:39","date_gmt":"2026-02-11T18:51:39","guid":{"rendered":"https:\/\/www.flane.com.pa\/blog\/?p=11956"},"modified":"2026-03-16T11:46:04","modified_gmt":"2026-03-16T14:46:04","slug":"lideranca-feminina-tecnologia-ia-web-summit-qatar-2026","status":"publish","type":"post","link":"https:\/\/www.flane.com.pa\/blog\/pt\/lideranca-feminina-tecnologia-ia-web-summit-qatar-2026\/","title":{"rendered":"Web Summit Qatar 2026: o que l\u00edderes precisam saber sobre a era dos agentes inteligentes"},"content":{"rendered":"<span class=\"span-reading-time rt-reading-time\" style=\"display: block;\"><span class=\"rt-label rt-prefix\">Reading time: <\/span> <span class=\"rt-time\"> 3<\/span> <span class=\"rt-label rt-postfix\">minutes - <\/span><\/span><section class=\"l-section wpb_row height_small\"><div class=\"l-section-h i-cf\"><div class=\"g-cols vc_row via_flex valign_top type_default stacking_default\"><div class=\"vc_col-sm-12 wpb_column vc_column_container\"><div class=\"vc_column-inner\"><div class=\"wpb_wrapper\"><div class=\"wpb_text_column\"><div class=\"wpb_wrapper\"><h2 class=\"font-claude-response-body break-words whitespace-normal leading-&#091;1.7&#093;\"><strong>An\u00e1lise sobre as transforma\u00e7\u00f5es apresentadas no evento refor\u00e7a papel estrat\u00e9gico da lideran\u00e7a inclusiva na era dos agentes inteligentes<\/strong><\/h2>\n<p class=\"font-claude-response-body break-words whitespace-normal leading-&#091;1.7&#093;\">O Web Summit Qatar 2026 trouxe \u00e0 tona discuss\u00f5es que v\u00e3o muito al\u00e9m das inova\u00e7\u00f5es tecnol\u00f3gicas pontuais. Conforme destacado por Graziela Sbardelotto, \u00fanica brasileira no lineup de palestrantes do evento, o encontro em Doha demonstrou que estamos diante de uma reconfigura\u00e7\u00e3o completa dos modelos de neg\u00f3cio no marketing e no varejo.<\/p>\n<p class=\"font-claude-response-body break-words whitespace-normal leading-&#091;1.7&#093;\">A executiva apresentou reflex\u00f5es que conectam tr\u00eas pilares fundamentais: a urg\u00eancia da transforma\u00e7\u00e3o digital, o papel dos<a href=\"https:\/\/www.flane.com.pa\/blog\/pt\/expansao-cloud-impulsionada-pela-ia-aws-google-microsoft\/\"> agentes de IA<\/a> na jornada do consumidor e a necessidade de lideran\u00e7as mais diversas para conduzir essas mudan\u00e7as com responsabilidade.<\/p>\n<h2 class=\"text-text-100 mt-3 -mb-1 text-&#091;1.125rem&#093; font-bold\">Quando a barreira de g\u00eanero encontra a Intelig\u00eancia Artificial<\/h2>\n<p class=\"font-claude-response-body break-words whitespace-normal leading-&#091;1.7&#093;\">Um dos pontos centrais abordados por Sbardelotto diz respeito aos obst\u00e1culos que ainda permeiam a carreira de mulheres em tecnologia. Os dados apresentados s\u00e3o contundentes: mais de dois ter\u00e7os das profissionais identificam o vi\u00e9s inconsciente como principal desafio, enquanto a maioria esmagadora relata precisar demonstrar desempenho superior ao de colegas homens para alcan\u00e7ar o mesmo reconhecimento.<\/p>\n<p class=\"font-claude-response-body break-words whitespace-normal leading-&#091;1.7&#093;\">Essa realidade ganha nova camada de complexidade quando consideramos o avan\u00e7o acelerado da <a href=\"https:\/\/www.flane.com.pa\/blog\/pt\/governanca-de-ia-2026\/\">intelig\u00eancia artificial<\/a>. A tecnologia que promete ganhos expressivos de produtividade \u2014 casos como a plataforma WPP Open indicam melhorias de 30% \u2014 tamb\u00e9m carrega o risco de perpetuar discrimina\u00e7\u00f5es hist\u00f3ricas se n\u00e3o for implementada com olhar cr\u00edtico.<\/p>\n<p class=\"font-claude-response-body break-words whitespace-normal leading-&#091;1.7&#093;\">A proposta defendida pela executiva aponta para uma lideran\u00e7a que equilibre compet\u00eancias t\u00e9cnicas com habilidades essencialmente humanas: empatia, escuta ativa e intui\u00e7\u00e3o. Trata-se de reconhecer que, num ambiente progressivamente automatizado, o diferencial competitivo reside justamente naquilo que as m\u00e1quinas n\u00e3o replicam.<\/p>\n<\/div><\/div><div class=\"g-cols wpb_row via_flex valign_top type_default stacking_default\"><div class=\"vc_col-sm-12 wpb_column vc_column_container\"><div class=\"vc_column-inner\"><div class=\"wpb_wrapper\"><div class=\"w-separator size_medium\"><\/div><div class=\"wpb_text_column\"><div class=\"wpb_wrapper\"><ul>\n<li>\n<h4><strong><a href=\"https:\/\/www.flane.com.pa\/pt\/artificial-intelligence\" target=\"_blank\" rel=\"noopener\">Fast Lane oferece treinamentos de Intelig\u00eancia Artificial e Machine Learning dos principais fabricantes<\/a><\/strong><\/h4>\n<\/li>\n<li>\n<h4><a href=\"https:\/\/www.flane.com.pa\/blog\/pt\/newsletter\/\" target=\"_blank\" rel=\"noopener\">Assine a newsletter da TechTalk e fique informado de tudo<\/a><\/h4>\n<\/li>\n<\/ul>\n<\/div><\/div><div class=\"w-separator size_medium\"><\/div><\/div><\/div><\/div><\/div><div class=\"wpb_text_column\"><div class=\"wpb_wrapper\"><h2 class=\"text-text-100 mt-3 -mb-1 text-&#091;1.125rem&#093; font-bold\">A m\u00eddia que j\u00e1 n\u00e3o \u00e9 mais m\u00eddia<\/h2>\n<p class=\"font-claude-response-body break-words whitespace-normal leading-&#091;1.7&#093;\">Outro aspecto relevante das discuss\u00f5es em Doha relaciona-se \u00e0 transforma\u00e7\u00e3o radical do conceito de m\u00eddia. Como observado por Sbardelotto no palco de New Media, o erro estrat\u00e9gico mais comum das empresas consiste em tratar novos canais com l\u00f3gicas antigas, quando na verdade testemunhamos a emerg\u00eancia de ecossistemas completamente distintos.<\/p>\n<p class=\"font-claude-response-body break-words whitespace-normal leading-&#091;1.7&#093;\">A mudan\u00e7a descrita pela palestrante envolve tr\u00eas movimentos simult\u00e2neos: a substitui\u00e7\u00e3o de displays est\u00e1ticos por intera\u00e7\u00f5es conversacionais, a evolu\u00e7\u00e3o de uma postura passiva para uma abordagem preditiva que antecipa demandas, e o fim definitivo da comunica\u00e7\u00e3o em massa substitu\u00edda por personaliza\u00e7\u00e3o individualizada em escala.<\/p>\n<p class=\"font-claude-response-body break-words whitespace-normal leading-&#091;1.7&#093;\">Nesse novo contexto, marcas precisam desenvolver quatro caracter\u00edsticas fundamentais para permanecerem relevantes: capacidade de di\u00e1logo em linguagem natural, presen\u00e7a contextual nos momentos de decis\u00e3o, integra\u00e7\u00e3o sist\u00eamica de dados e credibilidade suficiente para serem recomendadas por agentes aut\u00f4nomos.<\/p>\n<h2 class=\"text-text-100 mt-3 -mb-1 text-&#091;1.125rem&#093; font-bold\">O fim do funil de vendas como conhec\u00edamos<\/h2>\n<p class=\"font-claude-response-body break-words whitespace-normal leading-&#091;1.7&#093;\">Talvez a transforma\u00e7\u00e3o mais radical destacada por Sbardelotto seja a obsolesc\u00eancia do modelo tradicional de jornada do consumidor. A executiva prop\u00f5e que o principal concorrente de qualquer marca deixou de ser outra empresa do mesmo setor para se tornar a interpreta\u00e7\u00e3o que sistemas de <a href=\"https:\/\/www.flane.com.pa\/blog\/pt\/category\/topics-pt\/ai-pt\/\">IA<\/a> fazem daquela categoria de produto ou servi\u00e7o.<\/p>\n<p class=\"font-claude-response-body break-words whitespace-normal leading-&#091;1.7&#093;\">Enquanto o funil cl\u00e1ssico baseava-se em etapas de conscientiza\u00e7\u00e3o, considera\u00e7\u00e3o e decis\u00e3o de compra, a nova din\u00e2mica opera em tr\u00eas dimens\u00f5es distintas: relev\u00e2ncia algor\u00edtmica, confian\u00e7a depositada por agentes aut\u00f4nomos e execu\u00e7\u00e3o invis\u00edvel ao usu\u00e1rio final. Agentes de IA n\u00e3o deliberam longamente \u2014 avaliam vari\u00e1veis e tomam decis\u00f5es em fra\u00e7\u00f5es de segundo.<\/p>\n<p class=\"font-claude-response-body break-words whitespace-normal leading-&#091;1.7&#093;\">Isso significa que marcas n\u00e3o otimizadas para a l\u00f3gica de funcionamento desses sistemas simplesmente desaparecem do radar dos consumidores, independentemente da qualidade de seus produtos ou da for\u00e7a de seus investimentos publicit\u00e1rios tradicionais.<\/p>\n<h2 class=\"text-text-100 mt-3 -mb-1 text-&#091;1.125rem&#093; font-bold\">Transforma\u00e7\u00e3o antes da obsolesc\u00eancia for\u00e7ada<\/h2>\n<p class=\"font-claude-response-body break-words whitespace-normal leading-&#091;1.7&#093;\">A s\u00edntese apresentada por Graziela Sbardelotto aponta para uma conclus\u00e3o inequ\u00edvoca: o crescimento sustent\u00e1vel em 2026 n\u00e3o ser\u00e1 resultado de ajustes incrementais, mas da coragem de reinventar estruturas consolidadas antes que o mercado imponha essa transforma\u00e7\u00e3o de maneira traum\u00e1tica.<\/p>\n<p class=\"font-claude-response-body break-words whitespace-normal leading-&#091;1.7&#093;\">A participa\u00e7\u00e3o da executiva brasileira no Web Summit Qatar valida que as tend\u00eancias observadas no mercado nacional dialogam diretamente com movimentos globais. Mais do que isso, refor\u00e7a a tese de que lideran\u00e7as diversas n\u00e3o representam apenas uma pauta de inclus\u00e3o, mas constituem requisito fundamental para inova\u00e7\u00f5es mais \u00e9ticas, sustent\u00e1veis e alinhadas com a complexidade do momento atual.<\/p>\n<p class=\"font-claude-response-body break-words whitespace-normal leading-&#091;1.7&#093;\">A converg\u00eancia entre tecnologia e humanidade no marketing e no varejo, conforme defendido por Sbardelotto, exige profissionais capazes de questionar vieses algor\u00edtmicos, integrar gera\u00e7\u00f5es distintas e buscar excel\u00eancia sem cair na armadilha do perfeccionismo paralisante. O futuro j\u00e1 chegou \u2014 e quem n\u00e3o estiver preparado para dialogar com agentes de IA pode descobrir que sua marca simplesmente deixou de existir.<\/p>\n<\/div><\/div><div class=\"w-separator size_small with_line width_default thick_1 style_solid color_border align_center\"><div class=\"w-separator-h\"><\/div><\/div><div class=\"wpb_text_column\"><div class=\"wpb_wrapper\"><p>Artigo baseado nas reflex\u00f5es apresentadas por <a href=\"https:\/\/adnews.com.br\/author\/graziela-sbardelotto\">Graziela Sbardelotto<\/a> no <a href=\"https:\/\/qatar.websummit.com\/\">Web Summit Qatar 2026<\/a><\/p>\n<\/div><\/div><\/div><\/div><\/div><\/div><\/div><\/section>\n","protected":false},"excerpt":{"rendered":"An\u00e1lise sobre as transforma\u00e7\u00f5es apresentadas no evento refor\u00e7a papel estrat\u00e9gico da lideran\u00e7a inclusiva na era dos agentes inteligentes O Web Summit Qatar 2026 trouxe \u00e0 tona discuss\u00f5es que v\u00e3o muito al\u00e9m das inova\u00e7\u00f5es tecnol\u00f3gicas pontuais. Conforme destacado por Graziela Sbardelotto, \u00fanica brasileira no lineup de palestrantes do evento, o encontro em Doha demonstrou que estamos...","protected":false},"author":2,"featured_media":11958,"comment_status":"closed","ping_status":"closed","sticky":false,"template":"","format":"standard","meta":{"_acf_changed":false,"footnotes":""},"categories":[1866,1930,1926],"tags":[5209,5205,5221,3307,5203,5213,1912,5197,5207,5199,5217,5219,5211,5201,5215],"class_list":["post-11956","post","type-post","status-publish","format-standard","has-post-thumbnail","hentry","category-ai-pt","category-certification-pt","category-fastlane-pt","tag-carreira-em-tecnologia","tag-diversidade-em-tech","tag-empoderamento-feminino","tag-futuro-da-tecnologia","tag-graziela-sbardelotto","tag-inovacao-feminina","tag-inteligencia-artificial-pt","tag-lideranca-feminina","tag-mulheres-em-ia","tag-mulheres-em-tecnologia","tag-mulheres-palestrantes","tag-tech-diversity","tag-vies-de-genero","tag-web-summit-qatar-2026","tag-wpp"],"acf":[],"yoast_head":"<!-- This site is optimized with the Yoast SEO plugin v26.6 - https:\/\/yoast.com\/wordpress\/plugins\/seo\/ -->\n<title>Como mulheres est\u00e3o moldando o futuro da IA no Web Summit Qatar 2026<\/title>\n<meta name=\"description\" content=\"Web Summit Qatar 2026 destaca papel crucial de mulheres na tecnologia e IA. Conhe\u00e7a os desafios e insights sobre lideran\u00e7a feminina em tech apresentados por Graziela Sbardelotto.\" \/>\n<meta name=\"robots\" content=\"index, follow, max-snippet:-1, max-image-preview:large, max-video-preview:-1\" \/>\n<link rel=\"canonical\" href=\"https:\/\/www.flane.com.pa\/blog\/pt\/lideranca-feminina-tecnologia-ia-web-summit-qatar-2026\/\" \/>\n<meta property=\"og:locale\" content=\"pt_BR\" \/>\n<meta property=\"og:type\" content=\"article\" \/>\n<meta property=\"og:title\" content=\"Como mulheres est\u00e3o moldando o futuro da IA no Web Summit Qatar 2026\" \/>\n<meta property=\"og:description\" content=\"Web Summit Qatar 2026 destaca papel crucial de mulheres na tecnologia e IA. Conhe\u00e7a os desafios e insights sobre lideran\u00e7a feminina em tech apresentados por Graziela Sbardelotto.\" \/>\n<meta property=\"og:url\" content=\"https:\/\/www.flane.com.pa\/blog\/pt\/lideranca-feminina-tecnologia-ia-web-summit-qatar-2026\/\" \/>\n<meta property=\"og:site_name\" content=\"TechTalk powered by Fast Lane LATAM\" \/>\n<meta property=\"article:publisher\" content=\"https:\/\/www.facebook.com\/FastLane.br\" \/>\n<meta property=\"article:published_time\" content=\"2026-02-11T18:51:39+00:00\" \/>\n<meta property=\"article:modified_time\" content=\"2026-03-16T14:46:04+00:00\" \/>\n<meta property=\"og:image\" content=\"https:\/\/www.flane.com.pa\/blog\/wp-content\/uploads\/2026\/02\/IA-e-Diversidade-Como-o-Web-Summit-Qatar-Sinaliza-o-Futuro-do-Marketing-Digital.png\" \/>\n\t<meta property=\"og:image:width\" content=\"1280\" \/>\n\t<meta property=\"og:image:height\" content=\"720\" \/>\n\t<meta property=\"og:image:type\" content=\"image\/png\" \/>\n<meta name=\"author\" content=\"Fast Lane TechTalk\" \/>\n<meta name=\"twitter:card\" content=\"summary_large_image\" \/>\n<meta name=\"twitter:creator\" content=\"@FastLaneBr\" \/>\n<meta name=\"twitter:site\" content=\"@FastLaneBr\" \/>\n<meta name=\"twitter:label1\" content=\"Escrito por\" \/>\n\t<meta name=\"twitter:data1\" content=\"Fast Lane TechTalk\" \/>\n\t<meta name=\"twitter:label2\" content=\"Est. tempo de leitura\" \/>\n\t<meta name=\"twitter:data2\" content=\"5 minutos\" \/>\n<script type=\"application\/ld+json\" class=\"yoast-schema-graph\">{\"@context\":\"https:\/\/schema.org\",\"@graph\":[{\"@type\":\"Article\",\"@id\":\"https:\/\/www.flane.com.pa\/blog\/pt\/lideranca-feminina-tecnologia-ia-web-summit-qatar-2026\/#article\",\"isPartOf\":{\"@id\":\"https:\/\/www.flane.com.pa\/blog\/pt\/lideranca-feminina-tecnologia-ia-web-summit-qatar-2026\/\"},\"author\":{\"name\":\"Fast Lane TechTalk\",\"@id\":\"https:\/\/www.flane.com.pa\/blog\/#\/schema\/person\/61993dd05b6199ccdb547e2504fae2aa\"},\"headline\":\"Web Summit Qatar 2026: o que l\u00edderes precisam saber sobre a era dos agentes inteligentes\",\"datePublished\":\"2026-02-11T18:51:39+00:00\",\"dateModified\":\"2026-03-16T14:46:04+00:00\",\"mainEntityOfPage\":{\"@id\":\"https:\/\/www.flane.com.pa\/blog\/pt\/lideranca-feminina-tecnologia-ia-web-summit-qatar-2026\/\"},\"wordCount\":916,\"publisher\":{\"@id\":\"https:\/\/www.flane.com.pa\/blog\/#organization\"},\"image\":{\"@id\":\"https:\/\/www.flane.com.pa\/blog\/pt\/lideranca-feminina-tecnologia-ia-web-summit-qatar-2026\/#primaryimage\"},\"thumbnailUrl\":\"https:\/\/www.flane.com.pa\/blog\/wp-content\/uploads\/2026\/02\/IA-e-Diversidade-Como-o-Web-Summit-Qatar-Sinaliza-o-Futuro-do-Marketing-Digital.png\",\"keywords\":[\"carreira em tecnologia\",\"diversidade em tech\",\"empoderamento feminino\",\"futuro da tecnologia\",\"Graziela Sbardelotto\",\"inova\u00e7\u00e3o feminina\",\"Intelig\u00eancia Artificial\",\"lideran\u00e7a feminina\",\"mulheres em IA\",\"mulheres em tecnologia\",\"mulheres palestrantes\",\"tech diversity\",\"vi\u00e9s de g\u00eanero\",\"Web Summit Qatar 2026\",\"WPP\"],\"articleSection\":[\"Artificial Intelligence\",\"Certification\",\"Fast Lane\"],\"inLanguage\":\"pt-BR\"},{\"@type\":\"WebPage\",\"@id\":\"https:\/\/www.flane.com.pa\/blog\/pt\/lideranca-feminina-tecnologia-ia-web-summit-qatar-2026\/\",\"url\":\"https:\/\/www.flane.com.pa\/blog\/pt\/lideranca-feminina-tecnologia-ia-web-summit-qatar-2026\/\",\"name\":\"Como mulheres est\u00e3o moldando o futuro da IA no Web Summit Qatar 2026\",\"isPartOf\":{\"@id\":\"https:\/\/www.flane.com.pa\/blog\/#website\"},\"primaryImageOfPage\":{\"@id\":\"https:\/\/www.flane.com.pa\/blog\/pt\/lideranca-feminina-tecnologia-ia-web-summit-qatar-2026\/#primaryimage\"},\"image\":{\"@id\":\"https:\/\/www.flane.com.pa\/blog\/pt\/lideranca-feminina-tecnologia-ia-web-summit-qatar-2026\/#primaryimage\"},\"thumbnailUrl\":\"https:\/\/www.flane.com.pa\/blog\/wp-content\/uploads\/2026\/02\/IA-e-Diversidade-Como-o-Web-Summit-Qatar-Sinaliza-o-Futuro-do-Marketing-Digital.png\",\"datePublished\":\"2026-02-11T18:51:39+00:00\",\"dateModified\":\"2026-03-16T14:46:04+00:00\",\"description\":\"Web Summit Qatar 2026 destaca papel crucial de mulheres na tecnologia e IA. Conhe\u00e7a os desafios e insights sobre lideran\u00e7a feminina em tech apresentados por Graziela Sbardelotto.\",\"breadcrumb\":{\"@id\":\"https:\/\/www.flane.com.pa\/blog\/pt\/lideranca-feminina-tecnologia-ia-web-summit-qatar-2026\/#breadcrumb\"},\"inLanguage\":\"pt-BR\",\"potentialAction\":[{\"@type\":\"ReadAction\",\"target\":[\"https:\/\/www.flane.com.pa\/blog\/pt\/lideranca-feminina-tecnologia-ia-web-summit-qatar-2026\/\"]}]},{\"@type\":\"ImageObject\",\"inLanguage\":\"pt-BR\",\"@id\":\"https:\/\/www.flane.com.pa\/blog\/pt\/lideranca-feminina-tecnologia-ia-web-summit-qatar-2026\/#primaryimage\",\"url\":\"https:\/\/www.flane.com.pa\/blog\/wp-content\/uploads\/2026\/02\/IA-e-Diversidade-Como-o-Web-Summit-Qatar-Sinaliza-o-Futuro-do-Marketing-Digital.png\",\"contentUrl\":\"https:\/\/www.flane.com.pa\/blog\/wp-content\/uploads\/2026\/02\/IA-e-Diversidade-Como-o-Web-Summit-Qatar-Sinaliza-o-Futuro-do-Marketing-Digital.png\",\"width\":1280,\"height\":720,\"caption\":\"Duas profissionais em frente a um ecr\u00e3\/tela digital azul com um c\u00e9rebro ilustrado e a palavra \u201cAI\u201d; uma aponta para a proje\u00e7\u00e3o enquanto a outra segura um tablet.\"},{\"@type\":\"BreadcrumbList\",\"@id\":\"https:\/\/www.flane.com.pa\/blog\/pt\/lideranca-feminina-tecnologia-ia-web-summit-qatar-2026\/#breadcrumb\",\"itemListElement\":[{\"@type\":\"ListItem\",\"position\":1,\"name\":\"Home\",\"item\":\"https:\/\/www.flane.com.pa\/blog\/es\/\"},{\"@type\":\"ListItem\",\"position\":2,\"name\":\"Web Summit Qatar 2026: o que l\u00edderes precisam saber sobre a era dos agentes inteligentes\"}]},{\"@type\":\"WebSite\",\"@id\":\"https:\/\/www.flane.com.pa\/blog\/#website\",\"url\":\"https:\/\/www.flane.com.pa\/blog\/\",\"name\":\"TechTalk powered by Fast Lane LATAM\",\"description\":\"Sharing ideas and knowledge on IT training and certification\",\"publisher\":{\"@id\":\"https:\/\/www.flane.com.pa\/blog\/#organization\"},\"potentialAction\":[{\"@type\":\"SearchAction\",\"target\":{\"@type\":\"EntryPoint\",\"urlTemplate\":\"https:\/\/www.flane.com.pa\/blog\/?s={search_term_string}\"},\"query-input\":{\"@type\":\"PropertyValueSpecification\",\"valueRequired\":true,\"valueName\":\"search_term_string\"}}],\"inLanguage\":\"pt-BR\"},{\"@type\":\"Organization\",\"@id\":\"https:\/\/www.flane.com.pa\/blog\/#organization\",\"name\":\"Fast Lane Brasil\",\"url\":\"https:\/\/www.flane.com.pa\/blog\/\",\"logo\":{\"@type\":\"ImageObject\",\"inLanguage\":\"pt-BR\",\"@id\":\"https:\/\/www.flane.com.pa\/blog\/#\/schema\/logo\/image\/\",\"url\":\"https:\/\/www.flane.com.pa\/blog\/wp-content\/uploads\/2019\/10\/fast-lane-ng3.png\",\"contentUrl\":\"https:\/\/www.flane.com.pa\/blog\/wp-content\/uploads\/2019\/10\/fast-lane-ng3.png\",\"width\":209,\"height\":31,\"caption\":\"Fast Lane Brasil\"},\"image\":{\"@id\":\"https:\/\/www.flane.com.pa\/blog\/#\/schema\/logo\/image\/\"},\"sameAs\":[\"https:\/\/www.facebook.com\/FastLane.br\",\"https:\/\/x.com\/FastLaneBr\",\"https:\/\/www.instagram.com\/fastlane.br\/\",\"https:\/\/www.linkedin.com\/company\/fastlanebr\"]},{\"@type\":\"Person\",\"@id\":\"https:\/\/www.flane.com.pa\/blog\/#\/schema\/person\/61993dd05b6199ccdb547e2504fae2aa\",\"name\":\"Fast Lane TechTalk\",\"image\":{\"@type\":\"ImageObject\",\"inLanguage\":\"pt-BR\",\"@id\":\"https:\/\/www.flane.com.pa\/blog\/#\/schema\/person\/image\/\",\"url\":\"https:\/\/secure.gravatar.com\/avatar\/9943f25452073eb03e55f0e7e5c63ade3c1f051b706e0afa24bb9800c46ea9ce?s=96&d=mm&r=g\",\"contentUrl\":\"https:\/\/secure.gravatar.com\/avatar\/9943f25452073eb03e55f0e7e5c63ade3c1f051b706e0afa24bb9800c46ea9ce?s=96&d=mm&r=g\",\"caption\":\"Fast Lane TechTalk\"},\"sameAs\":[\"http:\/\/www.flane.com.pa\"],\"url\":\"https:\/\/www.flane.com.pa\/blog\/author\/admin\/\"}]}<\/script>\n<!-- \/ Yoast SEO plugin. -->","yoast_head_json":{"title":"Como mulheres est\u00e3o moldando o futuro da IA no Web Summit Qatar 2026","description":"Web Summit Qatar 2026 destaca papel crucial de mulheres na tecnologia e IA. Conhe\u00e7a os desafios e insights sobre lideran\u00e7a feminina em tech apresentados por Graziela Sbardelotto.","robots":{"index":"index","follow":"follow","max-snippet":"max-snippet:-1","max-image-preview":"max-image-preview:large","max-video-preview":"max-video-preview:-1"},"canonical":"https:\/\/www.flane.com.pa\/blog\/pt\/lideranca-feminina-tecnologia-ia-web-summit-qatar-2026\/","og_locale":"pt_BR","og_type":"article","og_title":"Como mulheres est\u00e3o moldando o futuro da IA no Web Summit Qatar 2026","og_description":"Web Summit Qatar 2026 destaca papel crucial de mulheres na tecnologia e IA. Conhe\u00e7a os desafios e insights sobre lideran\u00e7a feminina em tech apresentados por Graziela Sbardelotto.","og_url":"https:\/\/www.flane.com.pa\/blog\/pt\/lideranca-feminina-tecnologia-ia-web-summit-qatar-2026\/","og_site_name":"TechTalk powered by Fast Lane LATAM","article_publisher":"https:\/\/www.facebook.com\/FastLane.br","article_published_time":"2026-02-11T18:51:39+00:00","article_modified_time":"2026-03-16T14:46:04+00:00","og_image":[{"width":1280,"height":720,"url":"https:\/\/www.flane.com.pa\/blog\/wp-content\/uploads\/2026\/02\/IA-e-Diversidade-Como-o-Web-Summit-Qatar-Sinaliza-o-Futuro-do-Marketing-Digital.png","type":"image\/png"}],"author":"Fast Lane TechTalk","twitter_card":"summary_large_image","twitter_creator":"@FastLaneBr","twitter_site":"@FastLaneBr","twitter_misc":{"Escrito por":"Fast Lane TechTalk","Est. tempo de leitura":"5 minutos"},"schema":{"@context":"https:\/\/schema.org","@graph":[{"@type":"Article","@id":"https:\/\/www.flane.com.pa\/blog\/pt\/lideranca-feminina-tecnologia-ia-web-summit-qatar-2026\/#article","isPartOf":{"@id":"https:\/\/www.flane.com.pa\/blog\/pt\/lideranca-feminina-tecnologia-ia-web-summit-qatar-2026\/"},"author":{"name":"Fast Lane TechTalk","@id":"https:\/\/www.flane.com.pa\/blog\/#\/schema\/person\/61993dd05b6199ccdb547e2504fae2aa"},"headline":"Web Summit Qatar 2026: o que l\u00edderes precisam saber sobre a era dos agentes inteligentes","datePublished":"2026-02-11T18:51:39+00:00","dateModified":"2026-03-16T14:46:04+00:00","mainEntityOfPage":{"@id":"https:\/\/www.flane.com.pa\/blog\/pt\/lideranca-feminina-tecnologia-ia-web-summit-qatar-2026\/"},"wordCount":916,"publisher":{"@id":"https:\/\/www.flane.com.pa\/blog\/#organization"},"image":{"@id":"https:\/\/www.flane.com.pa\/blog\/pt\/lideranca-feminina-tecnologia-ia-web-summit-qatar-2026\/#primaryimage"},"thumbnailUrl":"https:\/\/www.flane.com.pa\/blog\/wp-content\/uploads\/2026\/02\/IA-e-Diversidade-Como-o-Web-Summit-Qatar-Sinaliza-o-Futuro-do-Marketing-Digital.png","keywords":["carreira em tecnologia","diversidade em tech","empoderamento feminino","futuro da tecnologia","Graziela Sbardelotto","inova\u00e7\u00e3o feminina","Intelig\u00eancia Artificial","lideran\u00e7a feminina","mulheres em IA","mulheres em tecnologia","mulheres palestrantes","tech diversity","vi\u00e9s de g\u00eanero","Web Summit Qatar 2026","WPP"],"articleSection":["Artificial Intelligence","Certification","Fast Lane"],"inLanguage":"pt-BR"},{"@type":"WebPage","@id":"https:\/\/www.flane.com.pa\/blog\/pt\/lideranca-feminina-tecnologia-ia-web-summit-qatar-2026\/","url":"https:\/\/www.flane.com.pa\/blog\/pt\/lideranca-feminina-tecnologia-ia-web-summit-qatar-2026\/","name":"Como mulheres est\u00e3o moldando o futuro da IA no Web Summit Qatar 2026","isPartOf":{"@id":"https:\/\/www.flane.com.pa\/blog\/#website"},"primaryImageOfPage":{"@id":"https:\/\/www.flane.com.pa\/blog\/pt\/lideranca-feminina-tecnologia-ia-web-summit-qatar-2026\/#primaryimage"},"image":{"@id":"https:\/\/www.flane.com.pa\/blog\/pt\/lideranca-feminina-tecnologia-ia-web-summit-qatar-2026\/#primaryimage"},"thumbnailUrl":"https:\/\/www.flane.com.pa\/blog\/wp-content\/uploads\/2026\/02\/IA-e-Diversidade-Como-o-Web-Summit-Qatar-Sinaliza-o-Futuro-do-Marketing-Digital.png","datePublished":"2026-02-11T18:51:39+00:00","dateModified":"2026-03-16T14:46:04+00:00","description":"Web Summit Qatar 2026 destaca papel crucial de mulheres na tecnologia e IA. Conhe\u00e7a os desafios e insights sobre lideran\u00e7a feminina em tech apresentados por Graziela Sbardelotto.","breadcrumb":{"@id":"https:\/\/www.flane.com.pa\/blog\/pt\/lideranca-feminina-tecnologia-ia-web-summit-qatar-2026\/#breadcrumb"},"inLanguage":"pt-BR","potentialAction":[{"@type":"ReadAction","target":["https:\/\/www.flane.com.pa\/blog\/pt\/lideranca-feminina-tecnologia-ia-web-summit-qatar-2026\/"]}]},{"@type":"ImageObject","inLanguage":"pt-BR","@id":"https:\/\/www.flane.com.pa\/blog\/pt\/lideranca-feminina-tecnologia-ia-web-summit-qatar-2026\/#primaryimage","url":"https:\/\/www.flane.com.pa\/blog\/wp-content\/uploads\/2026\/02\/IA-e-Diversidade-Como-o-Web-Summit-Qatar-Sinaliza-o-Futuro-do-Marketing-Digital.png","contentUrl":"https:\/\/www.flane.com.pa\/blog\/wp-content\/uploads\/2026\/02\/IA-e-Diversidade-Como-o-Web-Summit-Qatar-Sinaliza-o-Futuro-do-Marketing-Digital.png","width":1280,"height":720,"caption":"Duas profissionais em frente a um ecr\u00e3\/tela digital azul com um c\u00e9rebro ilustrado e a palavra \u201cAI\u201d; uma aponta para a proje\u00e7\u00e3o enquanto a outra segura um tablet."},{"@type":"BreadcrumbList","@id":"https:\/\/www.flane.com.pa\/blog\/pt\/lideranca-feminina-tecnologia-ia-web-summit-qatar-2026\/#breadcrumb","itemListElement":[{"@type":"ListItem","position":1,"name":"Home","item":"https:\/\/www.flane.com.pa\/blog\/es\/"},{"@type":"ListItem","position":2,"name":"Web Summit Qatar 2026: o que l\u00edderes precisam saber sobre a era dos agentes inteligentes"}]},{"@type":"WebSite","@id":"https:\/\/www.flane.com.pa\/blog\/#website","url":"https:\/\/www.flane.com.pa\/blog\/","name":"TechTalk powered by Fast Lane LATAM","description":"Sharing ideas and knowledge on IT training and certification","publisher":{"@id":"https:\/\/www.flane.com.pa\/blog\/#organization"},"potentialAction":[{"@type":"SearchAction","target":{"@type":"EntryPoint","urlTemplate":"https:\/\/www.flane.com.pa\/blog\/?s={search_term_string}"},"query-input":{"@type":"PropertyValueSpecification","valueRequired":true,"valueName":"search_term_string"}}],"inLanguage":"pt-BR"},{"@type":"Organization","@id":"https:\/\/www.flane.com.pa\/blog\/#organization","name":"Fast Lane Brasil","url":"https:\/\/www.flane.com.pa\/blog\/","logo":{"@type":"ImageObject","inLanguage":"pt-BR","@id":"https:\/\/www.flane.com.pa\/blog\/#\/schema\/logo\/image\/","url":"https:\/\/www.flane.com.pa\/blog\/wp-content\/uploads\/2019\/10\/fast-lane-ng3.png","contentUrl":"https:\/\/www.flane.com.pa\/blog\/wp-content\/uploads\/2019\/10\/fast-lane-ng3.png","width":209,"height":31,"caption":"Fast Lane Brasil"},"image":{"@id":"https:\/\/www.flane.com.pa\/blog\/#\/schema\/logo\/image\/"},"sameAs":["https:\/\/www.facebook.com\/FastLane.br","https:\/\/x.com\/FastLaneBr","https:\/\/www.instagram.com\/fastlane.br\/","https:\/\/www.linkedin.com\/company\/fastlanebr"]},{"@type":"Person","@id":"https:\/\/www.flane.com.pa\/blog\/#\/schema\/person\/61993dd05b6199ccdb547e2504fae2aa","name":"Fast Lane TechTalk","image":{"@type":"ImageObject","inLanguage":"pt-BR","@id":"https:\/\/www.flane.com.pa\/blog\/#\/schema\/person\/image\/","url":"https:\/\/secure.gravatar.com\/avatar\/9943f25452073eb03e55f0e7e5c63ade3c1f051b706e0afa24bb9800c46ea9ce?s=96&d=mm&r=g","contentUrl":"https:\/\/secure.gravatar.com\/avatar\/9943f25452073eb03e55f0e7e5c63ade3c1f051b706e0afa24bb9800c46ea9ce?s=96&d=mm&r=g","caption":"Fast Lane TechTalk"},"sameAs":["http:\/\/www.flane.com.pa"],"url":"https:\/\/www.flane.com.pa\/blog\/author\/admin\/"}]}},"_links":{"self":[{"href":"https:\/\/www.flane.com.pa\/blog\/wp-json\/wp\/v2\/posts\/11956","targetHints":{"allow":["GET"]}}],"collection":[{"href":"https:\/\/www.flane.com.pa\/blog\/wp-json\/wp\/v2\/posts"}],"about":[{"href":"https:\/\/www.flane.com.pa\/blog\/wp-json\/wp\/v2\/types\/post"}],"author":[{"embeddable":true,"href":"https:\/\/www.flane.com.pa\/blog\/wp-json\/wp\/v2\/users\/2"}],"replies":[{"embeddable":true,"href":"https:\/\/www.flane.com.pa\/blog\/wp-json\/wp\/v2\/comments?post=11956"}],"version-history":[{"count":5,"href":"https:\/\/www.flane.com.pa\/blog\/wp-json\/wp\/v2\/posts\/11956\/revisions"}],"predecessor-version":[{"id":12061,"href":"https:\/\/www.flane.com.pa\/blog\/wp-json\/wp\/v2\/posts\/11956\/revisions\/12061"}],"wp:featuredmedia":[{"embeddable":true,"href":"https:\/\/www.flane.com.pa\/blog\/wp-json\/wp\/v2\/media\/11958"}],"wp:attachment":[{"href":"https:\/\/www.flane.com.pa\/blog\/wp-json\/wp\/v2\/media?parent=11956"}],"wp:term":[{"taxonomy":"category","embeddable":true,"href":"https:\/\/www.flane.com.pa\/blog\/wp-json\/wp\/v2\/categories?post=11956"},{"taxonomy":"post_tag","embeddable":true,"href":"https:\/\/www.flane.com.pa\/blog\/wp-json\/wp\/v2\/tags?post=11956"}],"curies":[{"name":"wp","href":"https:\/\/api.w.org\/{rel}","templated":true}]}}