{"id":11997,"date":"2026-02-17T17:31:03","date_gmt":"2026-02-17T20:31:03","guid":{"rendered":"https:\/\/www.flane.com.pa\/blog\/?p=11997"},"modified":"2026-03-02T17:42:24","modified_gmt":"2026-03-02T20:42:24","slug":"tecnologia-sustentavel-tendencia","status":"publish","type":"post","link":"https:\/\/www.flane.com.pa\/blog\/pt\/tecnologia-sustentavel-tendencia\/","title":{"rendered":"Tecnologia sustent\u00e1vel: tend\u00eancia ou necessidade urgente para as empresas?"},"content":{"rendered":"<span class=\"span-reading-time rt-reading-time\" style=\"display: block;\"><span class=\"rt-label rt-prefix\">Reading time: <\/span> <span class=\"rt-time\"> 2<\/span> <span class=\"rt-label rt-postfix\">minutes - <\/span><\/span><section class=\"l-section wpb_row height_small\"><div class=\"l-section-h i-cf\"><div class=\"g-cols vc_row via_flex valign_top type_default stacking_default\"><div class=\"vc_col-sm-12 wpb_column vc_column_container\"><div class=\"vc_column-inner\"><div class=\"wpb_wrapper\"><div class=\"wpb_text_column\"><div class=\"wpb_wrapper\"><p data-start=\"377\" data-end=\"546\">Hoje, a tecnologia sustent\u00e1vel se tornou um eixo estrat\u00e9gico para organiza\u00e7\u00f5es que buscam competitividade, efici\u00eancia e reputa\u00e7\u00e3o em um mercado cada vez mais consciente.<\/p>\n<p data-start=\"548\" data-end=\"668\">Mas surge uma pergunta-chave: estamos diante de uma tend\u00eancia passageira ou de uma necessidade urgente para as empresas?<\/p>\n<p data-start=\"670\" data-end=\"744\">A resposta \u00e9 clara: a sustentabilidade tecnol\u00f3gica deixou de ser opcional.<\/p>\n<h3 data-start=\"746\" data-end=\"781\">O que \u00e9 tecnologia sustent\u00e1vel?<\/h3>\n<p data-start=\"782\" data-end=\"997\">Tecnologia sustent\u00e1vel se refere ao desenho, implementa\u00e7\u00e3o e gest\u00e3o de solu\u00e7\u00f5es tecnol\u00f3gicas que reduzem o impacto ambiental, otimizam o consumo de energia e promovem modelos de neg\u00f3cio respons\u00e1veis.<\/p>\n<p data-start=\"999\" data-end=\"1011\">Isso inclui:<\/p>\n<ul data-start=\"1013\" data-end=\"1262\">\n<li data-start=\"1013\" data-end=\"1063\">\n<p data-start=\"1015\" data-end=\"1063\">Infraestrutura de TI energeticamente eficiente<\/p>\n<\/li>\n<li data-start=\"1064\" data-end=\"1117\">\n<p data-start=\"1066\" data-end=\"1117\">Migra\u00e7\u00e3o para a nuvem com menor pegada de carbono<\/p>\n<\/li>\n<li data-start=\"1118\" data-end=\"1148\">\n<p data-start=\"1120\" data-end=\"1148\">Otimiza\u00e7\u00e3o de data centers<\/p>\n<\/li>\n<li data-start=\"1149\" data-end=\"1179\">\n<p data-start=\"1151\" data-end=\"1179\">Uso de energias renov\u00e1veis<\/p>\n<\/li>\n<li data-start=\"1180\" data-end=\"1213\">\n<p data-start=\"1182\" data-end=\"1213\">Economia circular em hardware<\/p>\n<\/li>\n<li data-start=\"1214\" data-end=\"1262\">\n<p data-start=\"1216\" data-end=\"1262\">Automa\u00e7\u00e3o para reduzir o consumo de recursos<\/p>\n<\/li>\n<\/ul>\n<p data-start=\"1264\" data-end=\"1490\">Empresas l\u00edderes como <a href=\"https:\/\/www.flane.com.pa\/blog\/pt\/category\/vendors-pt\/microsoft-pt\/\">Microsoft<\/a>, <a href=\"https:\/\/www.flane.com.pa\/blog\/pt\/category\/vendors-pt\/aws-pt\/\">Amazon Web Service<\/a><a href=\"https:\/\/www.flane.com.pa\/blog\/pt\/category\/vendors-pt\/aws-pt\/\">s<\/a> e <a href=\"https:\/\/www.flane.com.pa\/blog\/pt\/category\/vendors-pt\/google-pt\/\">Google Cloud<\/a> j\u00e1 incorporaram compromissos claros de neutralidade de carbono e efici\u00eancia energ\u00e9tica em suas opera\u00e7\u00f5es globais, orientando o caminho do mercado.<\/p>\n<\/div><\/div><div class=\"g-cols wpb_row via_flex valign_top type_default stacking_default\"><div class=\"vc_col-sm-12 wpb_column vc_column_container\"><div class=\"vc_column-inner\"><div class=\"wpb_wrapper\"><div class=\"w-separator size_medium\"><\/div><div class=\"wpb_text_column\"><div class=\"wpb_wrapper\"><ul>\n<li>\n<h4><strong><a href=\"https:\/\/www.flane.com.pa\/pt\/artificial-intelligence\" target=\"_blank\" rel=\"noopener\">Fast Lane oferece treinamentos de Intelig\u00eancia Artificial e Machine Learning dos principais fabricantes<\/a><\/strong><\/h4>\n<\/li>\n<li>\n<h4><a href=\"https:\/\/www.flane.com.pa\/blog\/pt\/newsletter\/\" target=\"_blank\" rel=\"noopener\">Assine a newsletter da TechTalk e fique informado de tudo<\/a><\/h4>\n<\/li>\n<\/ul>\n<\/div><\/div><div class=\"w-separator size_medium\"><\/div><\/div><\/div><\/div><\/div><div class=\"wpb_text_column\"><div class=\"wpb_wrapper\"><h3 data-start=\"1492\" data-end=\"1534\">Por que j\u00e1 n\u00e3o \u00e9 apenas uma tend\u00eancia?<\/h3>\n<h4 data-start=\"1536\" data-end=\"1812\"><strong data-start=\"1536\" data-end=\"1571\">1. Regulamenta\u00e7\u00f5es mais r\u00edgidas<\/strong><\/h4>\n<p data-start=\"1536\" data-end=\"1812\">Governos v\u00eam implementando normas mais rigorosas sobre emiss\u00f5es, efici\u00eancia energ\u00e9tica e relat\u00f3rios ESG (Ambiental, Social e Governan\u00e7a). Empresas que n\u00e3o se adaptarem podem enfrentar san\u00e7\u00f5es, perda de contratos ou limita\u00e7\u00f5es de expans\u00e3o.<\/p>\n<p data-start=\"1814\" data-end=\"2049\"><strong data-start=\"1814\" data-end=\"1854\">2. Press\u00e3o do mercado e dos clientes<br \/>\n<\/strong><br data-start=\"1854\" data-end=\"1857\" \/>Consumidores e parceiros B2B priorizam cada vez mais organiza\u00e7\u00f5es com compromissos sustent\u00e1veis verific\u00e1veis. A sustentabilidade impacta diretamente a decis\u00e3o de compra e a reputa\u00e7\u00e3o da marca.<\/p>\n<p data-start=\"2051\" data-end=\"2252\"><strong data-start=\"2051\" data-end=\"2088\">3. Redu\u00e7\u00e3o de custos operacionais<br \/>\n<\/strong><br data-start=\"2088\" data-end=\"2091\" \/>Otimizar o consumo de energia e migrar para infraestruturas eficientes reduz emiss\u00f5es e tamb\u00e9m custos. Efici\u00eancia tecnol\u00f3gica e sustentabilidade caminham juntas.<\/p>\n<p data-start=\"2254\" data-end=\"2473\"><strong data-start=\"2254\" data-end=\"2291\">4. Atra\u00e7\u00e3o e reten\u00e7\u00e3o de talentos<br \/>\n<\/strong><br data-start=\"2291\" data-end=\"2294\" \/>As novas gera\u00e7\u00f5es valorizam trabalhar em empresas com prop\u00f3sito. Integrar tecnologia sustent\u00e1vel \u00e0 estrat\u00e9gia corporativa fortalece a cultura organizacional e o employer branding.<\/p>\n<\/div><\/div><div class=\"g-cols wpb_row via_flex valign_top type_default stacking_default\"><div class=\"vc_col-sm-12 wpb_column vc_column_container\"><div class=\"vc_column-inner\"><div class=\"wpb_wrapper\"><div class=\"w-separator size_medium\"><\/div><div class=\"wpb_text_column\"><div class=\"wpb_wrapper\"><ul>\n<li>\n<h4><strong><a href=\"https:\/\/www.flane.com.pa\/pt\/cyber-security\" target=\"_blank\" rel=\"noopener\">Torne-se um expert em Cyber Security com os treinamentos e certifica\u00e7\u00f5es que Fast Lane oferece\u00a0<\/a><\/strong><\/h4>\n<\/li>\n<li>\n<h4><a href=\"https:\/\/www.flane.com.pa\/blog\/pt\/newsletter\/\" target=\"_blank\" rel=\"noopener\">Assine a newsletter da TechTalk e fique informado de tudo.<\/a><\/h4>\n<\/li>\n<\/ul>\n<\/div><\/div><div class=\"w-separator size_medium\"><\/div><\/div><\/div><\/div><\/div><div class=\"wpb_text_column\"><div class=\"wpb_wrapper\"><h3 data-start=\"2475\" data-end=\"2535\">O papel estrat\u00e9gico da transforma\u00e7\u00e3o digital sustent\u00e1vel<\/h3>\n<p data-start=\"2536\" data-end=\"2704\">A transforma\u00e7\u00e3o digital n\u00e3o pode avan\u00e7ar desconectada do impacto ambiental. Na pr\u00e1tica, muitas iniciativas digitais s\u00e3o habilitadoras diretas da sustentabilidade, como:<\/p>\n<ul data-start=\"2706\" data-end=\"2922\">\n<li data-start=\"2706\" data-end=\"2742\">\n<p data-start=\"2708\" data-end=\"2742\">Automa\u00e7\u00e3o que reduz desperd\u00edcios<\/p>\n<\/li>\n<li data-start=\"2743\" data-end=\"2800\">\n<p data-start=\"2745\" data-end=\"2800\">Analytics avan\u00e7ado para otimizar o consumo de energia<\/p>\n<\/li>\n<li data-start=\"2801\" data-end=\"2865\">\n<p data-start=\"2803\" data-end=\"2865\">Cloud computing com infraestrutura compartilhada e eficiente<\/p>\n<\/li>\n<li data-start=\"2866\" data-end=\"2922\">\n<p data-start=\"2868\" data-end=\"2922\">Intelig\u00eancia artificial para monitoramento ambiental<\/p>\n<\/li>\n<\/ul>\n<p data-start=\"2924\" data-end=\"3099\">A chave est\u00e1 em formar equipes capazes de desenhar solu\u00e7\u00f5es tecnol\u00f3gicas com foco sustent\u00e1vel. N\u00e3o se trata apenas de implementar ferramentas, mas de transformar mentalidades.<\/p>\n<h3 data-start=\"3101\" data-end=\"3171\">Tecnologia sustent\u00e1vel na Am\u00e9rica Latina: oportunidade competitiva<\/h3>\n<p data-start=\"3172\" data-end=\"3294\">Na Am\u00e9rica Latina, adotar tecnologia sustent\u00e1vel representa uma oportunidade estrat\u00e9gica. Empresas que agirem agora podem:<\/p>\n<ul data-start=\"3296\" data-end=\"3468\">\n<li data-start=\"3296\" data-end=\"3330\">\n<p data-start=\"3298\" data-end=\"3330\">Diferenciar-se da concorr\u00eancia<\/p>\n<\/li>\n<li data-start=\"3331\" data-end=\"3382\">\n<p data-start=\"3333\" data-end=\"3382\">Acessar mercados internacionais com padr\u00f5es ESG<\/p>\n<\/li>\n<li data-start=\"3383\" data-end=\"3422\">\n<p data-start=\"3385\" data-end=\"3422\">Reduzir riscos regulat\u00f3rios futuros<\/p>\n<\/li>\n<li data-start=\"3423\" data-end=\"3468\">\n<p data-start=\"3425\" data-end=\"3468\">Fortalecer seu posicionamento corporativo<\/p>\n<\/li>\n<\/ul>\n<p data-start=\"3470\" data-end=\"3568\">Sustentabilidade tecnol\u00f3gica n\u00e3o \u00e9 gasto: \u00e9 investimento em resili\u00eancia e continuidade do neg\u00f3cio.<\/p>\n<p data-start=\"3570\" data-end=\"3687\">A pergunta j\u00e1 n\u00e3o \u00e9 se sua empresa deve adotar tecnologia sustent\u00e1vel, e sim qu\u00e3o r\u00e1pido ela consegue fazer isso.<\/p>\n<p data-start=\"3689\" data-end=\"3900\">Em um cen\u00e1rio em que a transforma\u00e7\u00e3o digital acelera, integrar sustentabilidade \u00e0 estrat\u00e9gia tecnol\u00f3gica n\u00e3o apenas protege o planeta, como fortalece a rentabilidade, a reputa\u00e7\u00e3o e a competitividade empresarial.<\/p>\n<p data-start=\"3902\" data-end=\"3972\">Tecnologia sustent\u00e1vel n\u00e3o \u00e9 tend\u00eancia. \u00c9 uma necessidade urgente.<\/p>\n<\/div><\/div><\/div><\/div><\/div><\/div><\/div><\/section>\n","protected":false},"excerpt":{"rendered":"Hoje, a tecnologia sustent\u00e1vel se tornou um eixo estrat\u00e9gico para organiza\u00e7\u00f5es que buscam competitividade, efici\u00eancia e reputa\u00e7\u00e3o em um mercado cada vez mais consciente. Mas surge uma pergunta-chave: estamos diante de uma tend\u00eancia passageira ou de uma necessidade urgente para as empresas? A resposta \u00e9 clara: a sustentabilidade tecnol\u00f3gica deixou de ser opcional. O que...","protected":false},"author":2,"featured_media":11998,"comment_status":"closed","ping_status":"closed","sticky":false,"template":"","format":"standard","meta":{"_acf_changed":false,"footnotes":""},"categories":[1866,1868,1926],"tags":[2983,1904,3037,5341,3280,3268,1968,5343,5345,3278,5347,3331,5349,2484],"class_list":["post-11997","post","type-post","status-publish","format-standard","has-post-thumbnail","hentry","category-ai-pt","category-bigdata-pt","category-fastlane-pt","tag-automacao","tag-cloud-computing-pt","tag-competitividade","tag-data-center","tag-eficiencia-energetica","tag-esg","tag-inovacao-pt","tag-pegada-de-carbono","tag-responsabilidade-corporativa","tag-sustentabilidade-empresarial","tag-sustentabilidade-na-america-latina","tag-tecnologia-sustentavel","tag-ti-verde-pt","tag-transformacao-digital-pt"],"acf":[],"yoast_head":"<!-- This site is optimized with the Yoast SEO plugin v26.6 - https:\/\/yoast.com\/wordpress\/plugins\/seo\/ -->\n<title>Tecnologia sustent\u00e1vel e competitividade empresarial<\/title>\n<meta name=\"description\" content=\"Descubra por que a tecnologia sustent\u00e1vel deixou de ser tend\u00eancia e se tornou uma necessidade urgente para empresas que buscam competitividade, efici\u00eancia e sustentabilidade no longo prazo.\" \/>\n<meta name=\"robots\" content=\"index, follow, max-snippet:-1, max-image-preview:large, max-video-preview:-1\" \/>\n<link rel=\"canonical\" href=\"https:\/\/www.flane.com.pa\/blog\/pt\/tecnologia-sustentavel-tendencia\/\" \/>\n<meta property=\"og:locale\" content=\"pt_BR\" \/>\n<meta property=\"og:type\" content=\"article\" \/>\n<meta property=\"og:title\" content=\"Tecnologia sustent\u00e1vel e competitividade empresarial\" \/>\n<meta property=\"og:description\" content=\"Descubra por que a tecnologia sustent\u00e1vel deixou de ser tend\u00eancia e se tornou uma necessidade urgente para empresas que buscam competitividade, efici\u00eancia e sustentabilidade no longo prazo.\" \/>\n<meta property=\"og:url\" content=\"https:\/\/www.flane.com.pa\/blog\/pt\/tecnologia-sustentavel-tendencia\/\" \/>\n<meta property=\"og:site_name\" content=\"TechTalk powered by Fast Lane LATAM\" \/>\n<meta property=\"article:publisher\" content=\"https:\/\/www.facebook.com\/FastLane.br\" \/>\n<meta property=\"article:published_time\" content=\"2026-02-17T20:31:03+00:00\" \/>\n<meta property=\"article:modified_time\" content=\"2026-03-02T20:42:24+00:00\" \/>\n<meta property=\"og:image\" content=\"https:\/\/www.flane.com.pa\/blog\/wp-content\/uploads\/2026\/03\/Tecnologia-sustentavel-tendencia-ou-necessidade-urgente-para-as-empresas.png\" \/>\n\t<meta property=\"og:image:width\" content=\"1280\" \/>\n\t<meta property=\"og:image:height\" content=\"720\" \/>\n\t<meta property=\"og:image:type\" content=\"image\/png\" \/>\n<meta name=\"author\" content=\"Fast Lane TechTalk\" \/>\n<meta name=\"twitter:card\" content=\"summary_large_image\" \/>\n<meta name=\"twitter:creator\" content=\"@FastLaneBr\" \/>\n<meta name=\"twitter:site\" content=\"@FastLaneBr\" \/>\n<meta name=\"twitter:label1\" content=\"Escrito por\" \/>\n\t<meta name=\"twitter:data1\" content=\"Fast Lane TechTalk\" \/>\n\t<meta name=\"twitter:label2\" content=\"Est. tempo de leitura\" \/>\n\t<meta name=\"twitter:data2\" content=\"4 minutos\" \/>\n<script type=\"application\/ld+json\" class=\"yoast-schema-graph\">{\"@context\":\"https:\/\/schema.org\",\"@graph\":[{\"@type\":\"Article\",\"@id\":\"https:\/\/www.flane.com.pa\/blog\/pt\/tecnologia-sustentavel-tendencia\/#article\",\"isPartOf\":{\"@id\":\"https:\/\/www.flane.com.pa\/blog\/pt\/tecnologia-sustentavel-tendencia\/\"},\"author\":{\"name\":\"Fast Lane TechTalk\",\"@id\":\"https:\/\/www.flane.com.pa\/blog\/#\/schema\/person\/61993dd05b6199ccdb547e2504fae2aa\"},\"headline\":\"Tecnologia sustent\u00e1vel: tend\u00eancia ou necessidade urgente para as empresas?\",\"datePublished\":\"2026-02-17T20:31:03+00:00\",\"dateModified\":\"2026-03-02T20:42:24+00:00\",\"mainEntityOfPage\":{\"@id\":\"https:\/\/www.flane.com.pa\/blog\/pt\/tecnologia-sustentavel-tendencia\/\"},\"wordCount\":684,\"publisher\":{\"@id\":\"https:\/\/www.flane.com.pa\/blog\/#organization\"},\"image\":{\"@id\":\"https:\/\/www.flane.com.pa\/blog\/pt\/tecnologia-sustentavel-tendencia\/#primaryimage\"},\"thumbnailUrl\":\"https:\/\/www.flane.com.pa\/blog\/wp-content\/uploads\/2026\/03\/Tecnologia-sustentavel-tendencia-ou-necessidade-urgente-para-as-empresas.png\",\"keywords\":[\"Automa\u00e7\u00e3o\",\"cloud computing\",\"competitividade\",\"data center\",\"efici\u00eancia energ\u00e9tica\",\"ESG\",\"inova\u00e7\u00e3o\",\"pegada de carbono\",\"responsabilidade corporativa\",\"sustentabilidade empresarial\",\"sustentabilidade na Am\u00e9rica Latina\",\"tecnologia sustent\u00e1vel\",\"TI verde\",\"transforma\u00e7\u00e3o digital\"],\"articleSection\":[\"Artificial Intelligence\",\"Big Data\",\"Fast Lane\"],\"inLanguage\":\"pt-BR\"},{\"@type\":\"WebPage\",\"@id\":\"https:\/\/www.flane.com.pa\/blog\/pt\/tecnologia-sustentavel-tendencia\/\",\"url\":\"https:\/\/www.flane.com.pa\/blog\/pt\/tecnologia-sustentavel-tendencia\/\",\"name\":\"Tecnologia sustent\u00e1vel e competitividade empresarial\",\"isPartOf\":{\"@id\":\"https:\/\/www.flane.com.pa\/blog\/#website\"},\"primaryImageOfPage\":{\"@id\":\"https:\/\/www.flane.com.pa\/blog\/pt\/tecnologia-sustentavel-tendencia\/#primaryimage\"},\"image\":{\"@id\":\"https:\/\/www.flane.com.pa\/blog\/pt\/tecnologia-sustentavel-tendencia\/#primaryimage\"},\"thumbnailUrl\":\"https:\/\/www.flane.com.pa\/blog\/wp-content\/uploads\/2026\/03\/Tecnologia-sustentavel-tendencia-ou-necessidade-urgente-para-as-empresas.png\",\"datePublished\":\"2026-02-17T20:31:03+00:00\",\"dateModified\":\"2026-03-02T20:42:24+00:00\",\"description\":\"Descubra por que a tecnologia sustent\u00e1vel deixou de ser tend\u00eancia e se tornou uma necessidade urgente para empresas que buscam competitividade, efici\u00eancia e sustentabilidade no longo prazo.\",\"breadcrumb\":{\"@id\":\"https:\/\/www.flane.com.pa\/blog\/pt\/tecnologia-sustentavel-tendencia\/#breadcrumb\"},\"inLanguage\":\"pt-BR\",\"potentialAction\":[{\"@type\":\"ReadAction\",\"target\":[\"https:\/\/www.flane.com.pa\/blog\/pt\/tecnologia-sustentavel-tendencia\/\"]}]},{\"@type\":\"ImageObject\",\"inLanguage\":\"pt-BR\",\"@id\":\"https:\/\/www.flane.com.pa\/blog\/pt\/tecnologia-sustentavel-tendencia\/#primaryimage\",\"url\":\"https:\/\/www.flane.com.pa\/blog\/wp-content\/uploads\/2026\/03\/Tecnologia-sustentavel-tendencia-ou-necessidade-urgente-para-as-empresas.png\",\"contentUrl\":\"https:\/\/www.flane.com.pa\/blog\/wp-content\/uploads\/2026\/03\/Tecnologia-sustentavel-tendencia-ou-necessidade-urgente-para-as-empresas.png\",\"width\":1280,\"height\":720,\"caption\":\"Ilustra\u00e7\u00e3o futurista de um ecossistema de energia sustent\u00e1vel com pain\u00e9is solares, turbinas e\u00f3licas e uma usina hidrel\u00e9trica, conectados por linhas e gr\u00e1ficos de dados digitais, simbolizando gest\u00e3o inteligente e integrada de energia renov\u00e1vel.\"},{\"@type\":\"BreadcrumbList\",\"@id\":\"https:\/\/www.flane.com.pa\/blog\/pt\/tecnologia-sustentavel-tendencia\/#breadcrumb\",\"itemListElement\":[{\"@type\":\"ListItem\",\"position\":1,\"name\":\"Home\",\"item\":\"https:\/\/www.flane.com.pa\/blog\/es\/\"},{\"@type\":\"ListItem\",\"position\":2,\"name\":\"Tecnologia sustent\u00e1vel: tend\u00eancia ou necessidade urgente para as empresas?\"}]},{\"@type\":\"WebSite\",\"@id\":\"https:\/\/www.flane.com.pa\/blog\/#website\",\"url\":\"https:\/\/www.flane.com.pa\/blog\/\",\"name\":\"TechTalk powered by Fast Lane LATAM\",\"description\":\"Sharing ideas and knowledge on IT training and certification\",\"publisher\":{\"@id\":\"https:\/\/www.flane.com.pa\/blog\/#organization\"},\"potentialAction\":[{\"@type\":\"SearchAction\",\"target\":{\"@type\":\"EntryPoint\",\"urlTemplate\":\"https:\/\/www.flane.com.pa\/blog\/?s={search_term_string}\"},\"query-input\":{\"@type\":\"PropertyValueSpecification\",\"valueRequired\":true,\"valueName\":\"search_term_string\"}}],\"inLanguage\":\"pt-BR\"},{\"@type\":\"Organization\",\"@id\":\"https:\/\/www.flane.com.pa\/blog\/#organization\",\"name\":\"Fast Lane Brasil\",\"url\":\"https:\/\/www.flane.com.pa\/blog\/\",\"logo\":{\"@type\":\"ImageObject\",\"inLanguage\":\"pt-BR\",\"@id\":\"https:\/\/www.flane.com.pa\/blog\/#\/schema\/logo\/image\/\",\"url\":\"https:\/\/www.flane.com.pa\/blog\/wp-content\/uploads\/2019\/10\/fast-lane-ng3.png\",\"contentUrl\":\"https:\/\/www.flane.com.pa\/blog\/wp-content\/uploads\/2019\/10\/fast-lane-ng3.png\",\"width\":209,\"height\":31,\"caption\":\"Fast Lane Brasil\"},\"image\":{\"@id\":\"https:\/\/www.flane.com.pa\/blog\/#\/schema\/logo\/image\/\"},\"sameAs\":[\"https:\/\/www.facebook.com\/FastLane.br\",\"https:\/\/x.com\/FastLaneBr\",\"https:\/\/www.instagram.com\/fastlane.br\/\",\"https:\/\/www.linkedin.com\/company\/fastlanebr\"]},{\"@type\":\"Person\",\"@id\":\"https:\/\/www.flane.com.pa\/blog\/#\/schema\/person\/61993dd05b6199ccdb547e2504fae2aa\",\"name\":\"Fast Lane TechTalk\",\"image\":{\"@type\":\"ImageObject\",\"inLanguage\":\"pt-BR\",\"@id\":\"https:\/\/www.flane.com.pa\/blog\/#\/schema\/person\/image\/\",\"url\":\"https:\/\/secure.gravatar.com\/avatar\/9943f25452073eb03e55f0e7e5c63ade3c1f051b706e0afa24bb9800c46ea9ce?s=96&d=mm&r=g\",\"contentUrl\":\"https:\/\/secure.gravatar.com\/avatar\/9943f25452073eb03e55f0e7e5c63ade3c1f051b706e0afa24bb9800c46ea9ce?s=96&d=mm&r=g\",\"caption\":\"Fast Lane TechTalk\"},\"sameAs\":[\"http:\/\/www.flane.com.pa\"],\"url\":\"https:\/\/www.flane.com.pa\/blog\/author\/admin\/\"}]}<\/script>\n<!-- \/ Yoast SEO plugin. -->","yoast_head_json":{"title":"Tecnologia sustent\u00e1vel e competitividade empresarial","description":"Descubra por que a tecnologia sustent\u00e1vel deixou de ser tend\u00eancia e se tornou uma necessidade urgente para empresas que buscam competitividade, efici\u00eancia e sustentabilidade no longo prazo.","robots":{"index":"index","follow":"follow","max-snippet":"max-snippet:-1","max-image-preview":"max-image-preview:large","max-video-preview":"max-video-preview:-1"},"canonical":"https:\/\/www.flane.com.pa\/blog\/pt\/tecnologia-sustentavel-tendencia\/","og_locale":"pt_BR","og_type":"article","og_title":"Tecnologia sustent\u00e1vel e competitividade empresarial","og_description":"Descubra por que a tecnologia sustent\u00e1vel deixou de ser tend\u00eancia e se tornou uma necessidade urgente para empresas que buscam competitividade, efici\u00eancia e sustentabilidade no longo prazo.","og_url":"https:\/\/www.flane.com.pa\/blog\/pt\/tecnologia-sustentavel-tendencia\/","og_site_name":"TechTalk powered by Fast Lane LATAM","article_publisher":"https:\/\/www.facebook.com\/FastLane.br","article_published_time":"2026-02-17T20:31:03+00:00","article_modified_time":"2026-03-02T20:42:24+00:00","og_image":[{"width":1280,"height":720,"url":"https:\/\/www.flane.com.pa\/blog\/wp-content\/uploads\/2026\/03\/Tecnologia-sustentavel-tendencia-ou-necessidade-urgente-para-as-empresas.png","type":"image\/png"}],"author":"Fast Lane TechTalk","twitter_card":"summary_large_image","twitter_creator":"@FastLaneBr","twitter_site":"@FastLaneBr","twitter_misc":{"Escrito por":"Fast Lane TechTalk","Est. tempo de leitura":"4 minutos"},"schema":{"@context":"https:\/\/schema.org","@graph":[{"@type":"Article","@id":"https:\/\/www.flane.com.pa\/blog\/pt\/tecnologia-sustentavel-tendencia\/#article","isPartOf":{"@id":"https:\/\/www.flane.com.pa\/blog\/pt\/tecnologia-sustentavel-tendencia\/"},"author":{"name":"Fast Lane TechTalk","@id":"https:\/\/www.flane.com.pa\/blog\/#\/schema\/person\/61993dd05b6199ccdb547e2504fae2aa"},"headline":"Tecnologia sustent\u00e1vel: tend\u00eancia ou necessidade urgente para as empresas?","datePublished":"2026-02-17T20:31:03+00:00","dateModified":"2026-03-02T20:42:24+00:00","mainEntityOfPage":{"@id":"https:\/\/www.flane.com.pa\/blog\/pt\/tecnologia-sustentavel-tendencia\/"},"wordCount":684,"publisher":{"@id":"https:\/\/www.flane.com.pa\/blog\/#organization"},"image":{"@id":"https:\/\/www.flane.com.pa\/blog\/pt\/tecnologia-sustentavel-tendencia\/#primaryimage"},"thumbnailUrl":"https:\/\/www.flane.com.pa\/blog\/wp-content\/uploads\/2026\/03\/Tecnologia-sustentavel-tendencia-ou-necessidade-urgente-para-as-empresas.png","keywords":["Automa\u00e7\u00e3o","cloud computing","competitividade","data center","efici\u00eancia energ\u00e9tica","ESG","inova\u00e7\u00e3o","pegada de carbono","responsabilidade corporativa","sustentabilidade empresarial","sustentabilidade na Am\u00e9rica Latina","tecnologia sustent\u00e1vel","TI verde","transforma\u00e7\u00e3o digital"],"articleSection":["Artificial Intelligence","Big Data","Fast Lane"],"inLanguage":"pt-BR"},{"@type":"WebPage","@id":"https:\/\/www.flane.com.pa\/blog\/pt\/tecnologia-sustentavel-tendencia\/","url":"https:\/\/www.flane.com.pa\/blog\/pt\/tecnologia-sustentavel-tendencia\/","name":"Tecnologia sustent\u00e1vel e competitividade empresarial","isPartOf":{"@id":"https:\/\/www.flane.com.pa\/blog\/#website"},"primaryImageOfPage":{"@id":"https:\/\/www.flane.com.pa\/blog\/pt\/tecnologia-sustentavel-tendencia\/#primaryimage"},"image":{"@id":"https:\/\/www.flane.com.pa\/blog\/pt\/tecnologia-sustentavel-tendencia\/#primaryimage"},"thumbnailUrl":"https:\/\/www.flane.com.pa\/blog\/wp-content\/uploads\/2026\/03\/Tecnologia-sustentavel-tendencia-ou-necessidade-urgente-para-as-empresas.png","datePublished":"2026-02-17T20:31:03+00:00","dateModified":"2026-03-02T20:42:24+00:00","description":"Descubra por que a tecnologia sustent\u00e1vel deixou de ser tend\u00eancia e se tornou uma necessidade urgente para empresas que buscam competitividade, efici\u00eancia e sustentabilidade no longo prazo.","breadcrumb":{"@id":"https:\/\/www.flane.com.pa\/blog\/pt\/tecnologia-sustentavel-tendencia\/#breadcrumb"},"inLanguage":"pt-BR","potentialAction":[{"@type":"ReadAction","target":["https:\/\/www.flane.com.pa\/blog\/pt\/tecnologia-sustentavel-tendencia\/"]}]},{"@type":"ImageObject","inLanguage":"pt-BR","@id":"https:\/\/www.flane.com.pa\/blog\/pt\/tecnologia-sustentavel-tendencia\/#primaryimage","url":"https:\/\/www.flane.com.pa\/blog\/wp-content\/uploads\/2026\/03\/Tecnologia-sustentavel-tendencia-ou-necessidade-urgente-para-as-empresas.png","contentUrl":"https:\/\/www.flane.com.pa\/blog\/wp-content\/uploads\/2026\/03\/Tecnologia-sustentavel-tendencia-ou-necessidade-urgente-para-as-empresas.png","width":1280,"height":720,"caption":"Ilustra\u00e7\u00e3o futurista de um ecossistema de energia sustent\u00e1vel com pain\u00e9is solares, turbinas e\u00f3licas e uma usina hidrel\u00e9trica, conectados por linhas e gr\u00e1ficos de dados digitais, simbolizando gest\u00e3o inteligente e integrada de energia renov\u00e1vel."},{"@type":"BreadcrumbList","@id":"https:\/\/www.flane.com.pa\/blog\/pt\/tecnologia-sustentavel-tendencia\/#breadcrumb","itemListElement":[{"@type":"ListItem","position":1,"name":"Home","item":"https:\/\/www.flane.com.pa\/blog\/es\/"},{"@type":"ListItem","position":2,"name":"Tecnologia sustent\u00e1vel: tend\u00eancia ou necessidade urgente para as empresas?"}]},{"@type":"WebSite","@id":"https:\/\/www.flane.com.pa\/blog\/#website","url":"https:\/\/www.flane.com.pa\/blog\/","name":"TechTalk powered by Fast Lane LATAM","description":"Sharing ideas and knowledge on IT training and certification","publisher":{"@id":"https:\/\/www.flane.com.pa\/blog\/#organization"},"potentialAction":[{"@type":"SearchAction","target":{"@type":"EntryPoint","urlTemplate":"https:\/\/www.flane.com.pa\/blog\/?s={search_term_string}"},"query-input":{"@type":"PropertyValueSpecification","valueRequired":true,"valueName":"search_term_string"}}],"inLanguage":"pt-BR"},{"@type":"Organization","@id":"https:\/\/www.flane.com.pa\/blog\/#organization","name":"Fast Lane Brasil","url":"https:\/\/www.flane.com.pa\/blog\/","logo":{"@type":"ImageObject","inLanguage":"pt-BR","@id":"https:\/\/www.flane.com.pa\/blog\/#\/schema\/logo\/image\/","url":"https:\/\/www.flane.com.pa\/blog\/wp-content\/uploads\/2019\/10\/fast-lane-ng3.png","contentUrl":"https:\/\/www.flane.com.pa\/blog\/wp-content\/uploads\/2019\/10\/fast-lane-ng3.png","width":209,"height":31,"caption":"Fast Lane Brasil"},"image":{"@id":"https:\/\/www.flane.com.pa\/blog\/#\/schema\/logo\/image\/"},"sameAs":["https:\/\/www.facebook.com\/FastLane.br","https:\/\/x.com\/FastLaneBr","https:\/\/www.instagram.com\/fastlane.br\/","https:\/\/www.linkedin.com\/company\/fastlanebr"]},{"@type":"Person","@id":"https:\/\/www.flane.com.pa\/blog\/#\/schema\/person\/61993dd05b6199ccdb547e2504fae2aa","name":"Fast Lane TechTalk","image":{"@type":"ImageObject","inLanguage":"pt-BR","@id":"https:\/\/www.flane.com.pa\/blog\/#\/schema\/person\/image\/","url":"https:\/\/secure.gravatar.com\/avatar\/9943f25452073eb03e55f0e7e5c63ade3c1f051b706e0afa24bb9800c46ea9ce?s=96&d=mm&r=g","contentUrl":"https:\/\/secure.gravatar.com\/avatar\/9943f25452073eb03e55f0e7e5c63ade3c1f051b706e0afa24bb9800c46ea9ce?s=96&d=mm&r=g","caption":"Fast Lane TechTalk"},"sameAs":["http:\/\/www.flane.com.pa"],"url":"https:\/\/www.flane.com.pa\/blog\/author\/admin\/"}]}},"_links":{"self":[{"href":"https:\/\/www.flane.com.pa\/blog\/wp-json\/wp\/v2\/posts\/11997","targetHints":{"allow":["GET"]}}],"collection":[{"href":"https:\/\/www.flane.com.pa\/blog\/wp-json\/wp\/v2\/posts"}],"about":[{"href":"https:\/\/www.flane.com.pa\/blog\/wp-json\/wp\/v2\/types\/post"}],"author":[{"embeddable":true,"href":"https:\/\/www.flane.com.pa\/blog\/wp-json\/wp\/v2\/users\/2"}],"replies":[{"embeddable":true,"href":"https:\/\/www.flane.com.pa\/blog\/wp-json\/wp\/v2\/comments?post=11997"}],"version-history":[{"count":1,"href":"https:\/\/www.flane.com.pa\/blog\/wp-json\/wp\/v2\/posts\/11997\/revisions"}],"predecessor-version":[{"id":11999,"href":"https:\/\/www.flane.com.pa\/blog\/wp-json\/wp\/v2\/posts\/11997\/revisions\/11999"}],"wp:featuredmedia":[{"embeddable":true,"href":"https:\/\/www.flane.com.pa\/blog\/wp-json\/wp\/v2\/media\/11998"}],"wp:attachment":[{"href":"https:\/\/www.flane.com.pa\/blog\/wp-json\/wp\/v2\/media?parent=11997"}],"wp:term":[{"taxonomy":"category","embeddable":true,"href":"https:\/\/www.flane.com.pa\/blog\/wp-json\/wp\/v2\/categories?post=11997"},{"taxonomy":"post_tag","embeddable":true,"href":"https:\/\/www.flane.com.pa\/blog\/wp-json\/wp\/v2\/tags?post=11997"}],"curies":[{"name":"wp","href":"https:\/\/api.w.org\/{rel}","templated":true}]}}