{"id":12058,"date":"2026-03-13T13:15:21","date_gmt":"2026-03-13T16:15:21","guid":{"rendered":"https:\/\/www.flane.com.pa\/blog\/?p=12058"},"modified":"2026-03-13T13:15:21","modified_gmt":"2026-03-13T16:15:21","slug":"diversidad-e-innovacion-como-los-equipos-diversos-impulsan-mejores-resultados","status":"publish","type":"post","link":"https:\/\/www.flane.com.pa\/blog\/es\/diversidad-e-innovacion-como-los-equipos-diversos-impulsan-mejores-resultados\/","title":{"rendered":"Diversidad e innovaci\u00f3n: c\u00f3mo los equipos diversos impulsan mejores resultados"},"content":{"rendered":"<span class=\"span-reading-time rt-reading-time\" style=\"display: block;\"><span class=\"rt-label rt-prefix\">Reading time: <\/span> <span class=\"rt-time\"> 3<\/span> <span class=\"rt-label rt-postfix\">minutes - <\/span><\/span><section class=\"l-section wpb_row height_small\"><div class=\"l-section-h i-cf\"><div class=\"g-cols vc_row via_flex valign_top type_default stacking_default\"><div class=\"vc_col-sm-12 wpb_column vc_column_container\"><div class=\"vc_column-inner\"><div class=\"wpb_wrapper\"><div class=\"wpb_text_column\"><div class=\"wpb_wrapper\"><p data-start=\"247\" data-end=\"599\">En el entorno empresarial actual, la innovaci\u00f3n se ha convertido en un factor clave para la competitividad. Las organizaciones que buscan mantenerse relevantes en un mercado en constante cambio necesitan no solo adoptar nuevas tecnolog\u00edas, sino tambi\u00e9n fomentar entornos de trabajo que impulsen la creatividad, el pensamiento cr\u00edtico y la colaboraci\u00f3n.<\/p>\n<p data-start=\"601\" data-end=\"875\">En este contexto, <strong data-start=\"619\" data-end=\"662\">la diversidad en los equipos de trabajo<\/strong> ha demostrado ser un motor importante de innovaci\u00f3n. Diferentes perspectivas, experiencias y formas de pensar permiten abordar los desaf\u00edos desde m\u00faltiples \u00e1ngulos, generando soluciones m\u00e1s completas y efectivas.<\/p>\n<p data-start=\"877\" data-end=\"1083\">Por esta raz\u00f3n, cada vez m\u00e1s empresas est\u00e1n reconociendo que <strong data-start=\"938\" data-end=\"1082\">los equipos diversos no solo enriquecen la cultura organizacional, sino que tambi\u00e9n contribuyen directamente a mejores resultados de negocio<\/strong>.<\/p>\n<\/div><\/div><\/div><\/div><\/div><\/div><\/div><\/section><section class=\"l-section wpb_row height_small\"><div class=\"l-section-h i-cf\"><div class=\"g-cols vc_row via_flex valign_top type_default stacking_default\"><div class=\"vc_col-sm-12 wpb_column vc_column_container\"><div class=\"vc_column-inner\"><div class=\"wpb_wrapper\"><div class=\"wpb_text_column\"><div class=\"wpb_wrapper\"><h2 data-section-id=\"f8btfv\" data-start=\"1090\" data-end=\"1138\">\u00bfPor qu\u00e9 la diversidad impulsa la innovaci\u00f3n?<\/h2>\n<p data-start=\"1140\" data-end=\"1379\">La innovaci\u00f3n surge cuando las personas cuestionan lo establecido y proponen nuevas ideas. Cuando los equipos est\u00e1n formados por profesionales con trayectorias similares, es m\u00e1s probable que se enfrenten a los problemas de manera parecida.<\/p>\n<p data-start=\"1381\" data-end=\"1551\">En cambio, <strong data-start=\"1392\" data-end=\"1449\">los equipos diversos integran diferentes perspectivas<\/strong>, lo que permite identificar oportunidades y soluciones que de otro modo podr\u00edan pasar desapercibidas.<\/p>\n<p data-start=\"1553\" data-end=\"1614\">Esta diversidad puede reflejarse en distintos aspectos, como:<\/p>\n<ul data-start=\"1616\" data-end=\"1792\">\n<li data-section-id=\"12bdn3x\" data-start=\"1616\" data-end=\"1655\">\n<p data-start=\"1618\" data-end=\"1655\">Experiencias profesionales variadas<\/p>\n<\/li>\n<li data-section-id=\"bk70fg\" data-start=\"1656\" data-end=\"1693\">\n<p data-start=\"1658\" data-end=\"1693\">Diferentes formaciones acad\u00e9micas<\/p>\n<\/li>\n<li data-section-id=\"rjkie8\" data-start=\"1694\" data-end=\"1730\">\n<p data-start=\"1696\" data-end=\"1730\">Diversidad cultural o geogr\u00e1fica<\/p>\n<\/li>\n<li data-section-id=\"eg8qov\" data-start=\"1731\" data-end=\"1792\">\n<p data-start=\"1733\" data-end=\"1792\">Distintas formas de pensamiento y resoluci\u00f3n de problemas<\/p>\n<\/li>\n<\/ul>\n<p data-start=\"1794\" data-end=\"1946\">Cuando estas perspectivas se combinan en un entorno de colaboraci\u00f3n, el resultado suele ser <strong data-start=\"1886\" data-end=\"1945\">un mayor nivel de creatividad y capacidad de innovaci\u00f3n<\/strong>.<\/p>\n<\/div><\/div><\/div><\/div><\/div><\/div><\/div><\/section><section class=\"l-section wpb_row height_small\"><div class=\"l-section-h i-cf\"><div class=\"g-cols vc_row via_flex valign_top type_default stacking_default\"><div class=\"vc_col-sm-12 wpb_column vc_column_container\"><div class=\"vc_column-inner\"><div class=\"wpb_wrapper\"><div class=\"wpb_text_column\"><div class=\"wpb_wrapper\"><h2 data-section-id=\"ytvtxi\" data-start=\"1953\" data-end=\"2017\">Diversidad en tecnolog\u00eda: una oportunidad para el crecimiento<\/h2>\n<p data-start=\"2019\" data-end=\"2266\">En el sector tecnol\u00f3gico, donde la innovaci\u00f3n es constante, la diversidad adquiere un papel a\u00fan m\u00e1s relevante. Las organizaciones que desarrollan soluciones digitales necesitan comprender las necesidades de usuarios diversos en distintos mercados.<\/p>\n<p data-start=\"2268\" data-end=\"2398\">Contar con equipos que reflejen esa diversidad permite dise\u00f1ar <strong data-start=\"2331\" data-end=\"2397\">productos, servicios y experiencias m\u00e1s inclusivas y efectivas<\/strong>.<\/p>\n<p data-start=\"2400\" data-end=\"2641\">Adem\u00e1s, los equipos diversos suelen ser m\u00e1s resilientes frente a los cambios del mercado. La variedad de perspectivas facilita una <strong data-start=\"2531\" data-end=\"2581\">toma de decisiones m\u00e1s informada y estrat\u00e9gica<\/strong>, reduciendo riesgos y mejorando la capacidad de adaptaci\u00f3n.<\/p>\n<p data-start=\"2643\" data-end=\"2813\">Por ello, muchas empresas tecnol\u00f3gicas est\u00e1n promoviendo activamente <strong data-start=\"2712\" data-end=\"2770\">programas de inclusi\u00f3n y desarrollo de talento diverso<\/strong> como parte de su estrategia de innovaci\u00f3n.<\/p>\n<\/div><\/div><\/div><\/div><\/div><\/div><\/div><\/section><section class=\"l-section wpb_row height_small\"><div class=\"l-section-h i-cf\"><div class=\"g-cols vc_row via_flex valign_top type_default stacking_default\"><div class=\"vc_col-sm-12 wpb_column vc_column_container\"><div class=\"vc_column-inner\"><div class=\"wpb_wrapper\"><div class=\"wpb_text_column\"><div class=\"wpb_wrapper\"><h2 data-section-id=\"x3zw0p\" data-start=\"2820\" data-end=\"2883\">El impacto de la diversidad en el rendimiento organizacional<\/h2>\n<p data-start=\"2885\" data-end=\"3034\">Diversos estudios han demostrado que las organizaciones con mayor diversidad en sus equipos tienden a obtener mejores resultados en \u00e1reas clave como:<\/p>\n<ul data-start=\"3036\" data-end=\"3193\">\n<li data-section-id=\"1s7e11i\" data-start=\"3036\" data-end=\"3083\">\n<p data-start=\"3038\" data-end=\"3083\">Innovaci\u00f3n y desarrollo de nuevos productos<\/p>\n<\/li>\n<li data-section-id=\"sfn6fe\" data-start=\"3084\" data-end=\"3120\">\n<p data-start=\"3086\" data-end=\"3120\">Resoluci\u00f3n creativa de problemas<\/p>\n<\/li>\n<li data-section-id=\"15ppqtn\" data-start=\"3121\" data-end=\"3156\">\n<p data-start=\"3123\" data-end=\"3156\">Toma de decisiones estrat\u00e9gicas<\/p>\n<\/li>\n<li data-section-id=\"jt2d6h\" data-start=\"3157\" data-end=\"3193\">\n<p data-start=\"3159\" data-end=\"3193\">Adaptaci\u00f3n a cambios del mercado<\/p>\n<\/li>\n<\/ul>\n<p data-start=\"3195\" data-end=\"3462\">Cuando los equipos cuentan con m\u00faltiples perspectivas, es m\u00e1s probable que se cuestionen supuestos y se exploren alternativas. Esto no solo mejora la calidad de las decisiones, sino que tambi\u00e9n fortalece la capacidad de la empresa para competir en mercados din\u00e1micos.<\/p>\n<p data-start=\"3464\" data-end=\"3605\">En otras palabras, <strong data-start=\"3483\" data-end=\"3604\">la diversidad no es solo una cuesti\u00f3n cultural o social, sino tambi\u00e9n una ventaja estrat\u00e9gica para las organizaciones<\/strong>.<\/p>\n<\/div><\/div><\/div><\/div><\/div><\/div><\/div><\/section><section class=\"l-section wpb_row height_small\"><div class=\"l-section-h i-cf\"><div class=\"g-cols vc_row via_flex valign_top type_default stacking_default\"><div class=\"vc_col-sm-12 wpb_column vc_column_container\"><div class=\"vc_column-inner\"><div class=\"wpb_wrapper\"><div class=\"wpb_text_column\"><div class=\"wpb_wrapper\"><h2 data-section-id=\"12r4oqz\" data-start=\"3612\" data-end=\"3662\">Construir una cultura que fomente la diversidad<\/h2>\n<p data-start=\"3664\" data-end=\"3830\">Para aprovechar realmente los beneficios de la diversidad, las empresas deben ir m\u00e1s all\u00e1 de la representaci\u00f3n y trabajar en la construcci\u00f3n de una cultura inclusiva.<\/p>\n<p data-start=\"3832\" data-end=\"3845\">Esto implica:<\/p>\n<ul data-start=\"3847\" data-end=\"4094\">\n<li data-section-id=\"1rm73c\" data-start=\"3847\" data-end=\"3917\">\n<p data-start=\"3849\" data-end=\"3917\">Promover entornos de trabajo donde todas las voces sean escuchadas<\/p>\n<\/li>\n<li data-section-id=\"pk0yai\" data-start=\"3918\" data-end=\"3971\">\n<p data-start=\"3920\" data-end=\"3971\">Fomentar la colaboraci\u00f3n entre perfiles distintos<\/p>\n<\/li>\n<li data-section-id=\"1v6j805\" data-start=\"3972\" data-end=\"4031\">\n<p data-start=\"3974\" data-end=\"4031\">Impulsar programas de desarrollo y formaci\u00f3n inclusivos<\/p>\n<\/li>\n<li data-section-id=\"m5p0sr\" data-start=\"4032\" data-end=\"4094\">\n<p data-start=\"4034\" data-end=\"4094\">Crear oportunidades equitativas de crecimiento profesional<\/p>\n<\/li>\n<\/ul>\n<p data-start=\"4096\" data-end=\"4313\">Cuando las organizaciones logran integrar la diversidad dentro de su cultura, se crea un ambiente donde las ideas pueden fluir con mayor libertad y donde la innovaci\u00f3n se convierte en parte natural del trabajo diario.<\/p>\n<\/div><\/div><\/div><\/div><\/div><\/div><\/div><\/section><section class=\"l-section wpb_row height_small\"><div class=\"l-section-h i-cf\"><div class=\"g-cols vc_row via_flex valign_top type_default stacking_default\"><div class=\"vc_col-sm-12 wpb_column vc_column_container\"><div class=\"vc_column-inner\"><div class=\"wpb_wrapper\"><div class=\"wpb_text_column\"><div class=\"wpb_wrapper\"><h2 data-section-id=\"m4tl1e\" data-start=\"4320\" data-end=\"4369\">Diversidad como motor de innovaci\u00f3n sostenible<\/h2>\n<p data-start=\"4371\" data-end=\"4524\">En un mundo cada vez m\u00e1s interconectado, las organizaciones que apuestan por la diversidad est\u00e1n mejor preparadas para enfrentar los desaf\u00edos del futuro.<\/p>\n<p data-start=\"4526\" data-end=\"4674\">Los equipos diversos no solo aportan nuevas perspectivas, sino que tambi\u00e9n ayudan a construir <strong data-start=\"4620\" data-end=\"4673\">organizaciones m\u00e1s \u00e1giles, creativas y adaptables<\/strong>.<\/p>\n<p data-start=\"4676\" data-end=\"4875\">Por ello, fomentar la diversidad ya no es \u00fanicamente una iniciativa de cultura organizacional, sino <strong data-start=\"4776\" data-end=\"4874\">una estrategia clave para impulsar la innovaci\u00f3n y el crecimiento sostenible en la era digital<\/strong>.<\/p>\n<\/div><\/div><\/div><\/div><\/div><\/div><\/div><\/section>\n","protected":false},"excerpt":{"rendered":"En el entorno empresarial actual, la innovaci\u00f3n se ha convertido en un factor clave para la competitividad. Las organizaciones que buscan mantenerse relevantes en un mercado en constante cambio necesitan no solo adoptar nuevas tecnolog\u00edas, sino tambi\u00e9n fomentar entornos de trabajo que impulsen la creatividad, el pensamiento cr\u00edtico y la colaboraci\u00f3n. En este contexto, la...","protected":false},"author":11,"featured_media":12059,"comment_status":"closed","ping_status":"closed","sticky":false,"template":"","format":"standard","meta":{"_acf_changed":false,"footnotes":""},"categories":[1928,1924],"tags":[138,236,5430,5426,128,21,574,5428,244,5432,3648,421],"class_list":["post-12058","post","type-post","status-publish","format-standard","has-post-thumbnail","hentry","category-certification","category-fastlane","tag-conectividad","tag-cultura","tag-diversidad","tag-equipos","tag-fast-lane-blog","tag-fast-lane-latam","tag-innovacion","tag-liderazgo","tag-news","tag-organizacion","tag-teams","tag-transformacion-digital"],"acf":[],"yoast_head":"<!-- This site is optimized with the Yoast SEO plugin v26.6 - https:\/\/yoast.com\/wordpress\/plugins\/seo\/ -->\n<title>diversidad e innovaci\u00f3n en equipos<\/title>\n<meta name=\"description\" content=\"La diversidad en los equipos impulsa la innovaci\u00f3n, mejora la toma de decisiones y fortalece la competitividad de las organizaciones.\" \/>\n<meta name=\"robots\" content=\"index, follow, max-snippet:-1, max-image-preview:large, max-video-preview:-1\" \/>\n<link rel=\"canonical\" href=\"https:\/\/www.flane.com.pa\/blog\/es\/diversidad-e-innovacion-como-los-equipos-diversos-impulsan-mejores-resultados\/\" \/>\n<meta property=\"og:locale\" content=\"pt_BR\" \/>\n<meta property=\"og:type\" content=\"article\" \/>\n<meta property=\"og:title\" content=\"diversidad e innovaci\u00f3n en equipos\" \/>\n<meta property=\"og:description\" content=\"La diversidad en los equipos impulsa la innovaci\u00f3n, mejora la toma de decisiones y fortalece la competitividad de las organizaciones.\" \/>\n<meta property=\"og:url\" content=\"https:\/\/www.flane.com.pa\/blog\/es\/diversidad-e-innovacion-como-los-equipos-diversos-impulsan-mejores-resultados\/\" \/>\n<meta property=\"og:site_name\" content=\"TechTalk powered by Fast Lane LATAM\" \/>\n<meta property=\"article:publisher\" content=\"https:\/\/www.facebook.com\/FastLane.br\" \/>\n<meta property=\"article:published_time\" content=\"2026-03-13T16:15:21+00:00\" \/>\n<meta property=\"og:image\" content=\"https:\/\/www.flane.com.pa\/blog\/wp-content\/uploads\/2026\/03\/Diversidad-e-innovacion-como-los-equipos-diversos-impulsan-mejores-resultados.png\" \/>\n\t<meta property=\"og:image:width\" content=\"1280\" \/>\n\t<meta property=\"og:image:height\" content=\"720\" \/>\n\t<meta property=\"og:image:type\" content=\"image\/png\" \/>\n<meta name=\"author\" content=\"Mayra Toullier\" \/>\n<meta name=\"twitter:card\" content=\"summary_large_image\" \/>\n<meta name=\"twitter:creator\" content=\"@FastLaneBr\" \/>\n<meta name=\"twitter:site\" content=\"@FastLaneBr\" \/>\n<meta name=\"twitter:label1\" content=\"Escrito por\" \/>\n\t<meta name=\"twitter:data1\" content=\"Mayra Toullier\" \/>\n\t<meta name=\"twitter:label2\" content=\"Est. tempo de leitura\" \/>\n\t<meta name=\"twitter:data2\" content=\"4 minutos\" \/>\n<script type=\"application\/ld+json\" class=\"yoast-schema-graph\">{\"@context\":\"https:\/\/schema.org\",\"@graph\":[{\"@type\":\"Article\",\"@id\":\"https:\/\/www.flane.com.pa\/blog\/es\/diversidad-e-innovacion-como-los-equipos-diversos-impulsan-mejores-resultados\/#article\",\"isPartOf\":{\"@id\":\"https:\/\/www.flane.com.pa\/blog\/es\/diversidad-e-innovacion-como-los-equipos-diversos-impulsan-mejores-resultados\/\"},\"author\":{\"name\":\"Mayra Toullier\",\"@id\":\"https:\/\/www.flane.com.pa\/blog\/#\/schema\/person\/9ca04e8669e599937e2b1cb1089c15cf\"},\"headline\":\"Diversidad e innovaci\u00f3n: c\u00f3mo los equipos diversos impulsan mejores resultados\",\"datePublished\":\"2026-03-13T16:15:21+00:00\",\"mainEntityOfPage\":{\"@id\":\"https:\/\/www.flane.com.pa\/blog\/es\/diversidad-e-innovacion-como-los-equipos-diversos-impulsan-mejores-resultados\/\"},\"wordCount\":796,\"publisher\":{\"@id\":\"https:\/\/www.flane.com.pa\/blog\/#organization\"},\"image\":{\"@id\":\"https:\/\/www.flane.com.pa\/blog\/es\/diversidad-e-innovacion-como-los-equipos-diversos-impulsan-mejores-resultados\/#primaryimage\"},\"thumbnailUrl\":\"https:\/\/www.flane.com.pa\/blog\/wp-content\/uploads\/2026\/03\/Diversidad-e-innovacion-como-los-equipos-diversos-impulsan-mejores-resultados.png\",\"keywords\":[\"Conectividad\",\"cultura\",\"diversidad\",\"equipos\",\"Fast Lane Blog\",\"Fast Lane LATAM\",\"innovaci\u00f3n\",\"liderazgo\",\"news\",\"organizaci\u00f3n\",\"Teams\",\"Transformaci\u00f3n digital\"],\"articleSection\":[\"Certification\",\"Fast Lane\"],\"inLanguage\":\"pt-BR\"},{\"@type\":\"WebPage\",\"@id\":\"https:\/\/www.flane.com.pa\/blog\/es\/diversidad-e-innovacion-como-los-equipos-diversos-impulsan-mejores-resultados\/\",\"url\":\"https:\/\/www.flane.com.pa\/blog\/es\/diversidad-e-innovacion-como-los-equipos-diversos-impulsan-mejores-resultados\/\",\"name\":\"diversidad e innovaci\u00f3n en equipos\",\"isPartOf\":{\"@id\":\"https:\/\/www.flane.com.pa\/blog\/#website\"},\"primaryImageOfPage\":{\"@id\":\"https:\/\/www.flane.com.pa\/blog\/es\/diversidad-e-innovacion-como-los-equipos-diversos-impulsan-mejores-resultados\/#primaryimage\"},\"image\":{\"@id\":\"https:\/\/www.flane.com.pa\/blog\/es\/diversidad-e-innovacion-como-los-equipos-diversos-impulsan-mejores-resultados\/#primaryimage\"},\"thumbnailUrl\":\"https:\/\/www.flane.com.pa\/blog\/wp-content\/uploads\/2026\/03\/Diversidad-e-innovacion-como-los-equipos-diversos-impulsan-mejores-resultados.png\",\"datePublished\":\"2026-03-13T16:15:21+00:00\",\"description\":\"La diversidad en los equipos impulsa la innovaci\u00f3n, mejora la toma de decisiones y fortalece la competitividad de las organizaciones.\",\"breadcrumb\":{\"@id\":\"https:\/\/www.flane.com.pa\/blog\/es\/diversidad-e-innovacion-como-los-equipos-diversos-impulsan-mejores-resultados\/#breadcrumb\"},\"inLanguage\":\"pt-BR\",\"potentialAction\":[{\"@type\":\"ReadAction\",\"target\":[\"https:\/\/www.flane.com.pa\/blog\/es\/diversidad-e-innovacion-como-los-equipos-diversos-impulsan-mejores-resultados\/\"]}]},{\"@type\":\"ImageObject\",\"inLanguage\":\"pt-BR\",\"@id\":\"https:\/\/www.flane.com.pa\/blog\/es\/diversidad-e-innovacion-como-los-equipos-diversos-impulsan-mejores-resultados\/#primaryimage\",\"url\":\"https:\/\/www.flane.com.pa\/blog\/wp-content\/uploads\/2026\/03\/Diversidad-e-innovacion-como-los-equipos-diversos-impulsan-mejores-resultados.png\",\"contentUrl\":\"https:\/\/www.flane.com.pa\/blog\/wp-content\/uploads\/2026\/03\/Diversidad-e-innovacion-como-los-equipos-diversos-impulsan-mejores-resultados.png\",\"width\":1280,\"height\":720},{\"@type\":\"BreadcrumbList\",\"@id\":\"https:\/\/www.flane.com.pa\/blog\/es\/diversidad-e-innovacion-como-los-equipos-diversos-impulsan-mejores-resultados\/#breadcrumb\",\"itemListElement\":[{\"@type\":\"ListItem\",\"position\":1,\"name\":\"Home\",\"item\":\"https:\/\/www.flane.com.pa\/blog\/es\/\"},{\"@type\":\"ListItem\",\"position\":2,\"name\":\"Diversidad e innovaci\u00f3n: c\u00f3mo los equipos diversos impulsan mejores resultados\"}]},{\"@type\":\"WebSite\",\"@id\":\"https:\/\/www.flane.com.pa\/blog\/#website\",\"url\":\"https:\/\/www.flane.com.pa\/blog\/\",\"name\":\"TechTalk powered by Fast Lane LATAM\",\"description\":\"Sharing ideas and knowledge on IT training and certification\",\"publisher\":{\"@id\":\"https:\/\/www.flane.com.pa\/blog\/#organization\"},\"potentialAction\":[{\"@type\":\"SearchAction\",\"target\":{\"@type\":\"EntryPoint\",\"urlTemplate\":\"https:\/\/www.flane.com.pa\/blog\/?s={search_term_string}\"},\"query-input\":{\"@type\":\"PropertyValueSpecification\",\"valueRequired\":true,\"valueName\":\"search_term_string\"}}],\"inLanguage\":\"pt-BR\"},{\"@type\":\"Organization\",\"@id\":\"https:\/\/www.flane.com.pa\/blog\/#organization\",\"name\":\"Fast Lane Brasil\",\"url\":\"https:\/\/www.flane.com.pa\/blog\/\",\"logo\":{\"@type\":\"ImageObject\",\"inLanguage\":\"pt-BR\",\"@id\":\"https:\/\/www.flane.com.pa\/blog\/#\/schema\/logo\/image\/\",\"url\":\"https:\/\/www.flane.com.pa\/blog\/wp-content\/uploads\/2019\/10\/fast-lane-ng3.png\",\"contentUrl\":\"https:\/\/www.flane.com.pa\/blog\/wp-content\/uploads\/2019\/10\/fast-lane-ng3.png\",\"width\":209,\"height\":31,\"caption\":\"Fast Lane Brasil\"},\"image\":{\"@id\":\"https:\/\/www.flane.com.pa\/blog\/#\/schema\/logo\/image\/\"},\"sameAs\":[\"https:\/\/www.facebook.com\/FastLane.br\",\"https:\/\/x.com\/FastLaneBr\",\"https:\/\/www.instagram.com\/fastlane.br\/\",\"https:\/\/www.linkedin.com\/company\/fastlanebr\"]},{\"@type\":\"Person\",\"@id\":\"https:\/\/www.flane.com.pa\/blog\/#\/schema\/person\/9ca04e8669e599937e2b1cb1089c15cf\",\"name\":\"Mayra Toullier\",\"image\":{\"@type\":\"ImageObject\",\"inLanguage\":\"pt-BR\",\"@id\":\"https:\/\/www.flane.com.pa\/blog\/#\/schema\/person\/image\/\",\"url\":\"https:\/\/secure.gravatar.com\/avatar\/a8ebee7fc1ee72a241cd95e6bead6fa5a0e8ba2630ca552a5b9cfaa1cee2c6bb?s=96&d=mm&r=g\",\"contentUrl\":\"https:\/\/secure.gravatar.com\/avatar\/a8ebee7fc1ee72a241cd95e6bead6fa5a0e8ba2630ca552a5b9cfaa1cee2c6bb?s=96&d=mm&r=g\",\"caption\":\"Mayra Toullier\"},\"description\":\"Especialista en Marketing Digital y Administraci\u00f3n con experiencia en la planificaci\u00f3n y ejecuci\u00f3n de estrategias digitales para empresas de diversos sectores. Experta en gesti\u00f3n de redes sociales, an\u00e1lisis de resultados, gesti\u00f3n de eventos y creaci\u00f3n de contenido. Capaz de liderar proyectos que incrementen la interacci\u00f3n y ventas digitales, con una formaci\u00f3n constante y orientada a resultados.\",\"sameAs\":[\"www.linkedin.com\/in\/mayratoullier\"],\"url\":\"https:\/\/www.flane.com.pa\/blog\/author\/mayra-toullier\/\"}]}<\/script>\n<!-- \/ Yoast SEO plugin. -->","yoast_head_json":{"title":"diversidad e innovaci\u00f3n en equipos","description":"La diversidad en los equipos impulsa la innovaci\u00f3n, mejora la toma de decisiones y fortalece la competitividad de las organizaciones.","robots":{"index":"index","follow":"follow","max-snippet":"max-snippet:-1","max-image-preview":"max-image-preview:large","max-video-preview":"max-video-preview:-1"},"canonical":"https:\/\/www.flane.com.pa\/blog\/es\/diversidad-e-innovacion-como-los-equipos-diversos-impulsan-mejores-resultados\/","og_locale":"pt_BR","og_type":"article","og_title":"diversidad e innovaci\u00f3n en equipos","og_description":"La diversidad en los equipos impulsa la innovaci\u00f3n, mejora la toma de decisiones y fortalece la competitividad de las organizaciones.","og_url":"https:\/\/www.flane.com.pa\/blog\/es\/diversidad-e-innovacion-como-los-equipos-diversos-impulsan-mejores-resultados\/","og_site_name":"TechTalk powered by Fast Lane LATAM","article_publisher":"https:\/\/www.facebook.com\/FastLane.br","article_published_time":"2026-03-13T16:15:21+00:00","og_image":[{"width":1280,"height":720,"url":"https:\/\/www.flane.com.pa\/blog\/wp-content\/uploads\/2026\/03\/Diversidad-e-innovacion-como-los-equipos-diversos-impulsan-mejores-resultados.png","type":"image\/png"}],"author":"Mayra Toullier","twitter_card":"summary_large_image","twitter_creator":"@FastLaneBr","twitter_site":"@FastLaneBr","twitter_misc":{"Escrito por":"Mayra Toullier","Est. tempo de leitura":"4 minutos"},"schema":{"@context":"https:\/\/schema.org","@graph":[{"@type":"Article","@id":"https:\/\/www.flane.com.pa\/blog\/es\/diversidad-e-innovacion-como-los-equipos-diversos-impulsan-mejores-resultados\/#article","isPartOf":{"@id":"https:\/\/www.flane.com.pa\/blog\/es\/diversidad-e-innovacion-como-los-equipos-diversos-impulsan-mejores-resultados\/"},"author":{"name":"Mayra Toullier","@id":"https:\/\/www.flane.com.pa\/blog\/#\/schema\/person\/9ca04e8669e599937e2b1cb1089c15cf"},"headline":"Diversidad e innovaci\u00f3n: c\u00f3mo los equipos diversos impulsan mejores resultados","datePublished":"2026-03-13T16:15:21+00:00","mainEntityOfPage":{"@id":"https:\/\/www.flane.com.pa\/blog\/es\/diversidad-e-innovacion-como-los-equipos-diversos-impulsan-mejores-resultados\/"},"wordCount":796,"publisher":{"@id":"https:\/\/www.flane.com.pa\/blog\/#organization"},"image":{"@id":"https:\/\/www.flane.com.pa\/blog\/es\/diversidad-e-innovacion-como-los-equipos-diversos-impulsan-mejores-resultados\/#primaryimage"},"thumbnailUrl":"https:\/\/www.flane.com.pa\/blog\/wp-content\/uploads\/2026\/03\/Diversidad-e-innovacion-como-los-equipos-diversos-impulsan-mejores-resultados.png","keywords":["Conectividad","cultura","diversidad","equipos","Fast Lane Blog","Fast Lane LATAM","innovaci\u00f3n","liderazgo","news","organizaci\u00f3n","Teams","Transformaci\u00f3n digital"],"articleSection":["Certification","Fast Lane"],"inLanguage":"pt-BR"},{"@type":"WebPage","@id":"https:\/\/www.flane.com.pa\/blog\/es\/diversidad-e-innovacion-como-los-equipos-diversos-impulsan-mejores-resultados\/","url":"https:\/\/www.flane.com.pa\/blog\/es\/diversidad-e-innovacion-como-los-equipos-diversos-impulsan-mejores-resultados\/","name":"diversidad e innovaci\u00f3n en equipos","isPartOf":{"@id":"https:\/\/www.flane.com.pa\/blog\/#website"},"primaryImageOfPage":{"@id":"https:\/\/www.flane.com.pa\/blog\/es\/diversidad-e-innovacion-como-los-equipos-diversos-impulsan-mejores-resultados\/#primaryimage"},"image":{"@id":"https:\/\/www.flane.com.pa\/blog\/es\/diversidad-e-innovacion-como-los-equipos-diversos-impulsan-mejores-resultados\/#primaryimage"},"thumbnailUrl":"https:\/\/www.flane.com.pa\/blog\/wp-content\/uploads\/2026\/03\/Diversidad-e-innovacion-como-los-equipos-diversos-impulsan-mejores-resultados.png","datePublished":"2026-03-13T16:15:21+00:00","description":"La diversidad en los equipos impulsa la innovaci\u00f3n, mejora la toma de decisiones y fortalece la competitividad de las organizaciones.","breadcrumb":{"@id":"https:\/\/www.flane.com.pa\/blog\/es\/diversidad-e-innovacion-como-los-equipos-diversos-impulsan-mejores-resultados\/#breadcrumb"},"inLanguage":"pt-BR","potentialAction":[{"@type":"ReadAction","target":["https:\/\/www.flane.com.pa\/blog\/es\/diversidad-e-innovacion-como-los-equipos-diversos-impulsan-mejores-resultados\/"]}]},{"@type":"ImageObject","inLanguage":"pt-BR","@id":"https:\/\/www.flane.com.pa\/blog\/es\/diversidad-e-innovacion-como-los-equipos-diversos-impulsan-mejores-resultados\/#primaryimage","url":"https:\/\/www.flane.com.pa\/blog\/wp-content\/uploads\/2026\/03\/Diversidad-e-innovacion-como-los-equipos-diversos-impulsan-mejores-resultados.png","contentUrl":"https:\/\/www.flane.com.pa\/blog\/wp-content\/uploads\/2026\/03\/Diversidad-e-innovacion-como-los-equipos-diversos-impulsan-mejores-resultados.png","width":1280,"height":720},{"@type":"BreadcrumbList","@id":"https:\/\/www.flane.com.pa\/blog\/es\/diversidad-e-innovacion-como-los-equipos-diversos-impulsan-mejores-resultados\/#breadcrumb","itemListElement":[{"@type":"ListItem","position":1,"name":"Home","item":"https:\/\/www.flane.com.pa\/blog\/es\/"},{"@type":"ListItem","position":2,"name":"Diversidad e innovaci\u00f3n: c\u00f3mo los equipos diversos impulsan mejores resultados"}]},{"@type":"WebSite","@id":"https:\/\/www.flane.com.pa\/blog\/#website","url":"https:\/\/www.flane.com.pa\/blog\/","name":"TechTalk powered by Fast Lane LATAM","description":"Sharing ideas and knowledge on IT training and certification","publisher":{"@id":"https:\/\/www.flane.com.pa\/blog\/#organization"},"potentialAction":[{"@type":"SearchAction","target":{"@type":"EntryPoint","urlTemplate":"https:\/\/www.flane.com.pa\/blog\/?s={search_term_string}"},"query-input":{"@type":"PropertyValueSpecification","valueRequired":true,"valueName":"search_term_string"}}],"inLanguage":"pt-BR"},{"@type":"Organization","@id":"https:\/\/www.flane.com.pa\/blog\/#organization","name":"Fast Lane Brasil","url":"https:\/\/www.flane.com.pa\/blog\/","logo":{"@type":"ImageObject","inLanguage":"pt-BR","@id":"https:\/\/www.flane.com.pa\/blog\/#\/schema\/logo\/image\/","url":"https:\/\/www.flane.com.pa\/blog\/wp-content\/uploads\/2019\/10\/fast-lane-ng3.png","contentUrl":"https:\/\/www.flane.com.pa\/blog\/wp-content\/uploads\/2019\/10\/fast-lane-ng3.png","width":209,"height":31,"caption":"Fast Lane Brasil"},"image":{"@id":"https:\/\/www.flane.com.pa\/blog\/#\/schema\/logo\/image\/"},"sameAs":["https:\/\/www.facebook.com\/FastLane.br","https:\/\/x.com\/FastLaneBr","https:\/\/www.instagram.com\/fastlane.br\/","https:\/\/www.linkedin.com\/company\/fastlanebr"]},{"@type":"Person","@id":"https:\/\/www.flane.com.pa\/blog\/#\/schema\/person\/9ca04e8669e599937e2b1cb1089c15cf","name":"Mayra Toullier","image":{"@type":"ImageObject","inLanguage":"pt-BR","@id":"https:\/\/www.flane.com.pa\/blog\/#\/schema\/person\/image\/","url":"https:\/\/secure.gravatar.com\/avatar\/a8ebee7fc1ee72a241cd95e6bead6fa5a0e8ba2630ca552a5b9cfaa1cee2c6bb?s=96&d=mm&r=g","contentUrl":"https:\/\/secure.gravatar.com\/avatar\/a8ebee7fc1ee72a241cd95e6bead6fa5a0e8ba2630ca552a5b9cfaa1cee2c6bb?s=96&d=mm&r=g","caption":"Mayra Toullier"},"description":"Especialista en Marketing Digital y Administraci\u00f3n con experiencia en la planificaci\u00f3n y ejecuci\u00f3n de estrategias digitales para empresas de diversos sectores. Experta en gesti\u00f3n de redes sociales, an\u00e1lisis de resultados, gesti\u00f3n de eventos y creaci\u00f3n de contenido. Capaz de liderar proyectos que incrementen la interacci\u00f3n y ventas digitales, con una formaci\u00f3n constante y orientada a resultados.","sameAs":["www.linkedin.com\/in\/mayratoullier"],"url":"https:\/\/www.flane.com.pa\/blog\/author\/mayra-toullier\/"}]}},"_links":{"self":[{"href":"https:\/\/www.flane.com.pa\/blog\/wp-json\/wp\/v2\/posts\/12058","targetHints":{"allow":["GET"]}}],"collection":[{"href":"https:\/\/www.flane.com.pa\/blog\/wp-json\/wp\/v2\/posts"}],"about":[{"href":"https:\/\/www.flane.com.pa\/blog\/wp-json\/wp\/v2\/types\/post"}],"author":[{"embeddable":true,"href":"https:\/\/www.flane.com.pa\/blog\/wp-json\/wp\/v2\/users\/11"}],"replies":[{"embeddable":true,"href":"https:\/\/www.flane.com.pa\/blog\/wp-json\/wp\/v2\/comments?post=12058"}],"version-history":[{"count":1,"href":"https:\/\/www.flane.com.pa\/blog\/wp-json\/wp\/v2\/posts\/12058\/revisions"}],"predecessor-version":[{"id":12060,"href":"https:\/\/www.flane.com.pa\/blog\/wp-json\/wp\/v2\/posts\/12058\/revisions\/12060"}],"wp:featuredmedia":[{"embeddable":true,"href":"https:\/\/www.flane.com.pa\/blog\/wp-json\/wp\/v2\/media\/12059"}],"wp:attachment":[{"href":"https:\/\/www.flane.com.pa\/blog\/wp-json\/wp\/v2\/media?parent=12058"}],"wp:term":[{"taxonomy":"category","embeddable":true,"href":"https:\/\/www.flane.com.pa\/blog\/wp-json\/wp\/v2\/categories?post=12058"},{"taxonomy":"post_tag","embeddable":true,"href":"https:\/\/www.flane.com.pa\/blog\/wp-json\/wp\/v2\/tags?post=12058"}],"curies":[{"name":"wp","href":"https:\/\/api.w.org\/{rel}","templated":true}]}}