{"id":12172,"date":"2026-03-23T16:07:48","date_gmt":"2026-03-23T19:07:48","guid":{"rendered":"https:\/\/www.flane.com.pa\/blog\/?p=12172"},"modified":"2026-04-08T16:18:56","modified_gmt":"2026-04-08T19:18:56","slug":"secops-summit-2026-ciberseguranca-inteligencia-artificial","status":"publish","type":"post","link":"https:\/\/www.flane.com.pa\/blog\/pt\/secops-summit-2026-ciberseguranca-inteligencia-artificial\/","title":{"rendered":"SecOps Summit 2026: IA e ciberseguran\u00e7a em pauta"},"content":{"rendered":"<span class=\"span-reading-time rt-reading-time\" style=\"display: block;\"><span class=\"rt-label rt-prefix\">Reading time: <\/span> <span class=\"rt-time\"> 2<\/span> <span class=\"rt-label rt-postfix\">minutes - <\/span><\/span><section class=\"l-section wpb_row height_small\"><div class=\"l-section-h i-cf\"><div class=\"g-cols vc_row via_flex valign_top type_default stacking_default\"><div class=\"vc_col-sm-12 wpb_column vc_column_container\"><div class=\"vc_column-inner\"><div class=\"wpb_wrapper\"><div class=\"wpb_text_column\"><div class=\"wpb_wrapper\"><h2><span data-contrast=\"auto\"><span data-contrast=\"none\" xml:lang=\"PT-BR\" lang=\"PT-BR\" class=\"TextRun SCXW168311352 BCX0\"><span class=\"NormalTextRun SpellingErrorV2Themed SCXW168311352 BCX0\" data-ccp-charstyle=\"Heading 1 Char\" data-ccp-charstyle-defn=\"{&quot;ObjectId&quot;:&quot;1fd47720-a55a-53f6-9bfd-d8fee5d64f33|1&quot;,&quot;ClassId&quot;:1073872969,&quot;Properties&quot;:&#091;201342446,&quot;0&quot;,201342447,&quot;4&quot;,201342448,&quot;2&quot;,201342449,&quot;0&quot;,469777841,&quot;Aptos Display&quot;,469777842,&quot;&quot;,469777843,&quot;&quot;,469777844,&quot;Aptos Display&quot;,201341986,&quot;0&quot;,469769226,&quot;Aptos Display&quot;,268442635,&quot;40&quot;,469775450,&quot;Heading 1 Char&quot;,201340122,&quot;1&quot;,134233614,&quot;true&quot;,469778129,&quot;Heading1Char&quot;,335572020,&quot;9&quot;,335551500,&quot;6375183&quot;,469778324,&quot;Default Paragraph Font&quot;&#093;}\">SecOps<\/span><span class=\"NormalTextRun SCXW168311352 BCX0\" data-ccp-charstyle=\"Heading 1 Char\">\u00a0Summit 2026: IA, cloud e governan\u00e7a em pauta no maior evento de ciberseguran\u00e7a do sul do Brasil<\/span><\/span><span class=\"LineBreakBlob BlobObject DragDrop SCXW168311352 BCX0\"><span class=\"SCXW168311352 BCX0\">\u00a0<\/span><br class=\"SCXW168311352 BCX0\" \/><\/span><br \/>\n<\/span><\/h2>\n<p><span data-contrast=\"auto\">O\u00a0SecOps\u00a0Summit 2026 teve sua terceira edi\u00e7\u00e3o realizada em Porto Alegre, entre os dias 18 e 20 de mar\u00e7o, e j\u00e1 \u00e9 um dos maiores eventos da \u00e1rea no Brasil. Os tr\u00eas dias mostraram com bastante clareza quais s\u00e3o hoje os temas mais &#8220;quentes&#8221; em seguran\u00e7a: intelig\u00eancia artificial aplicada \u00e0 opera\u00e7\u00e3o, prote\u00e7\u00e3o de ambientes em nuvem, resili\u00eancia cibern\u00e9tica, governan\u00e7a e continuidade do neg\u00f3cio. A programa\u00e7\u00e3o reuniu mais de 200 palestrantes em cinco palcos tem\u00e1ticos, com uma proposta voltada tanto a discuss\u00f5es estrat\u00e9gicas quanto \u00e0 aplica\u00e7\u00e3o pr\u00e1tica.<\/span><span data-ccp-props=\"{&quot;134233117&quot;:false,&quot;134233118&quot;:false,&quot;335559738&quot;:240,&quot;335559739&quot;:240}\">\u00a0<\/span><\/p>\n<h3><b><span data-contrast=\"auto\">Intelig\u00eancia artificial em destaque<\/span><\/b><span data-ccp-props=\"{}\">\u00a0<\/span><\/h3>\n<p><span data-contrast=\"auto\">Um dos pontos que mais chamou aten\u00e7\u00e3o foi a presen\u00e7a da IA em diferentes frentes da agenda. O evento trouxe debates sobre o impacto da IA generativa na resili\u00eancia cibern\u00e9tica, o uso de agentes de IA no apoio \u00e0 prote\u00e7\u00e3o do ambiente e na transforma\u00e7\u00e3o da governan\u00e7a em ciberseguran\u00e7a. Tamb\u00e9m houve uma s\u00e9rie de pain\u00e9is sobre os riscos e oportunidades da ado\u00e7\u00e3o de agentes de IA e sobre IA advers\u00e1ria no mercado financeiro. Na pr\u00e1tica, fica claro que a IA\u00a0est\u00e1\u00a0sendo muito usada como aliada na prote\u00e7\u00e3o de\u00a0workloads, na detec\u00e7\u00e3o de amea\u00e7as e na acelera\u00e7\u00e3o da resposta a incidentes.<\/span><span data-ccp-props=\"{&quot;134233117&quot;:false,&quot;134233118&quot;:false,&quot;335559738&quot;:240,&quot;335559739&quot;:240}\">\u00a0<\/span><\/p>\n<\/div><\/div><div class=\"wpb_text_column\"><div class=\"wpb_wrapper\"><h3><b><span data-contrast=\"auto\">Seguran\u00e7a conectada ao neg\u00f3cio<\/span><\/b><span data-ccp-props=\"{}\">\u00a0<\/span><\/h3>\n<p><span data-contrast=\"auto\">Outro destaque foi a \u00eanfase em uma seguran\u00e7a mais conectada com o neg\u00f3cio. Temas como postura de seguran\u00e7a em nuvem, LGPD, governan\u00e7a baseada em frameworks internacionais (ISO, NIST), compliance e gest\u00e3o de risco de terceiros refor\u00e7aram uma vis\u00e3o de seguran\u00e7a menos reativa e mais cont\u00ednua, orientada por preven\u00e7\u00e3o, visibilidade e capacidade de adapta\u00e7\u00e3o.<\/span><span data-ccp-props=\"{&quot;134233117&quot;:false,&quot;134233118&quot;:false,&quot;335559738&quot;:240,&quot;335559739&quot;:240}\">\u00a0<\/span><\/p>\n<h3><span data-ccp-props=\"{}\">\u00a0<\/span><b><span data-contrast=\"auto\">O Recado do evento<\/span><\/b><span data-ccp-props=\"{}\">\u00a0<\/span><\/h3>\n<p><span data-contrast=\"auto\">Nossa percep\u00e7\u00e3o dos recados do evento, resumidos em uma ideia central, \u00e9 que a seguran\u00e7a n\u00e3o est\u00e1 mais sendo vista s\u00f3 como um centro de custo. Ela est\u00e1 cada vez mais integrada \u00e0 estrat\u00e9gia operacional das empresas, protegendo seu ativo mais importante: os dados. E a IA passou a ocupar um papel important\u00edssimo nesse movimento, n\u00e3o s\u00f3 como inova\u00e7\u00e3o, mas tamb\u00e9m como apoio concreto na defesa, na governan\u00e7a e na resili\u00eancia digital.<\/span><span data-ccp-props=\"{&quot;134233117&quot;:false,&quot;134233118&quot;:false,&quot;335559738&quot;:240,&quot;335559739&quot;:240}\">\u00a0<\/span><\/p>\n<\/div><\/div><\/div><\/div><\/div><\/div><\/div><\/section>\n","protected":false},"excerpt":{"rendered":"SecOps\u00a0Summit 2026: IA, cloud e governan\u00e7a em pauta no maior evento de ciberseguran\u00e7a do sul do Brasil\u00a0 O\u00a0SecOps\u00a0Summit 2026 teve sua terceira edi\u00e7\u00e3o realizada em Porto Alegre, entre os dias 18 e 20 de mar\u00e7o, e j\u00e1 \u00e9 um dos maiores eventos da \u00e1rea no Brasil. Os tr\u00eas dias mostraram com bastante clareza quais s\u00e3o...","protected":false},"author":15,"featured_media":12176,"comment_status":"closed","ping_status":"closed","sticky":false,"template":"","format":"standard","meta":{"_acf_changed":false,"footnotes":""},"categories":[1866,3381,1872,1926],"tags":[1848,4168,4813,5556,5562,1912,5558,4164,3622,5564,5560,1982,4538,5554,2476],"class_list":["post-12172","post","type-post","status-publish","format-standard","has-post-thumbnail","hentry","category-ai-pt","category-carreira","category-cybersecurity-pt","category-fastlane-pt","tag-ciberseguranca-pt","tag-cloud-security","tag-deteccao-de-ameacas","tag-governanca-de-seguranca","tag-ia-adversaria","tag-inteligencia-artificial-pt","tag-iso","tag-lgpd","tag-nist","tag-operacoes-de-ti","tag-protecao-de-workloads","tag-resiliencia-cibernetica-pt","tag-resposta-a-incidentes","tag-secops-summit-2026","tag-seguranca-em-nuvem-pt"],"acf":[],"yoast_head":"<!-- This site is optimized with the Yoast SEO plugin v26.6 - https:\/\/yoast.com\/wordpress\/plugins\/seo\/ -->\n<title>SecOps Summit 2026: IA e ciberseguran\u00e7a em pauta - TechTalk powered by Fast Lane LATAM<\/title>\n<meta name=\"description\" content=\"Confira os principais temas do SecOps Summit 2026: IA, cloud security, governan\u00e7a e resili\u00eancia cibern\u00e9tica no maior evento de seguran\u00e7a do Sul do Brasil.\" \/>\n<meta name=\"robots\" content=\"index, follow, max-snippet:-1, max-image-preview:large, max-video-preview:-1\" \/>\n<link rel=\"canonical\" href=\"https:\/\/www.flane.com.pa\/blog\/pt\/secops-summit-2026-ciberseguranca-inteligencia-artificial\/\" \/>\n<meta property=\"og:locale\" content=\"pt_BR\" \/>\n<meta property=\"og:type\" content=\"article\" \/>\n<meta property=\"og:title\" content=\"SecOps Summit 2026: IA e ciberseguran\u00e7a em pauta - TechTalk powered by Fast Lane LATAM\" \/>\n<meta property=\"og:description\" content=\"Confira os principais temas do SecOps Summit 2026: IA, cloud security, governan\u00e7a e resili\u00eancia cibern\u00e9tica no maior evento de seguran\u00e7a do Sul do Brasil.\" \/>\n<meta property=\"og:url\" content=\"https:\/\/www.flane.com.pa\/blog\/pt\/secops-summit-2026-ciberseguranca-inteligencia-artificial\/\" \/>\n<meta property=\"og:site_name\" content=\"TechTalk powered by Fast Lane LATAM\" \/>\n<meta property=\"article:publisher\" content=\"https:\/\/www.facebook.com\/FastLane.br\" \/>\n<meta property=\"article:published_time\" content=\"2026-03-23T19:07:48+00:00\" \/>\n<meta property=\"article:modified_time\" content=\"2026-04-08T19:18:56+00:00\" \/>\n<meta property=\"og:image\" content=\"https:\/\/www.flane.com.pa\/blog\/wp-content\/uploads\/2026\/03\/SecOps-Summit-2026-IA-e-ciberseguranca-em-pauta.png\" \/>\n\t<meta property=\"og:image:width\" content=\"1280\" \/>\n\t<meta property=\"og:image:height\" content=\"720\" \/>\n\t<meta property=\"og:image:type\" content=\"image\/png\" \/>\n<meta name=\"author\" content=\"Mayara Pimentel\" \/>\n<meta name=\"twitter:card\" content=\"summary_large_image\" \/>\n<meta name=\"twitter:creator\" content=\"@FastLaneBr\" \/>\n<meta name=\"twitter:site\" content=\"@FastLaneBr\" \/>\n<meta name=\"twitter:label1\" content=\"Escrito por\" \/>\n\t<meta name=\"twitter:data1\" content=\"Mayara Pimentel\" \/>\n\t<meta name=\"twitter:label2\" content=\"Est. tempo de leitura\" \/>\n\t<meta name=\"twitter:data2\" content=\"3 minutos\" \/>\n<script type=\"application\/ld+json\" class=\"yoast-schema-graph\">{\"@context\":\"https:\/\/schema.org\",\"@graph\":[{\"@type\":\"Article\",\"@id\":\"https:\/\/www.flane.com.pa\/blog\/pt\/secops-summit-2026-ciberseguranca-inteligencia-artificial\/#article\",\"isPartOf\":{\"@id\":\"https:\/\/www.flane.com.pa\/blog\/pt\/secops-summit-2026-ciberseguranca-inteligencia-artificial\/\"},\"author\":{\"name\":\"Mayara Pimentel\",\"@id\":\"https:\/\/www.flane.com.pa\/blog\/#\/schema\/person\/137dd93330c10cbd683159ae4b4ff9c4\"},\"headline\":\"SecOps Summit 2026: IA e ciberseguran\u00e7a em pauta\",\"datePublished\":\"2026-03-23T19:07:48+00:00\",\"dateModified\":\"2026-04-08T19:18:56+00:00\",\"mainEntityOfPage\":{\"@id\":\"https:\/\/www.flane.com.pa\/blog\/pt\/secops-summit-2026-ciberseguranca-inteligencia-artificial\/\"},\"wordCount\":422,\"publisher\":{\"@id\":\"https:\/\/www.flane.com.pa\/blog\/#organization\"},\"image\":{\"@id\":\"https:\/\/www.flane.com.pa\/blog\/pt\/secops-summit-2026-ciberseguranca-inteligencia-artificial\/#primaryimage\"},\"thumbnailUrl\":\"https:\/\/www.flane.com.pa\/blog\/wp-content\/uploads\/2026\/03\/SecOps-Summit-2026-IA-e-ciberseguranca-em-pauta.png\",\"keywords\":[\"Ciberseguran\u00e7a\",\"cloud security\",\"detec\u00e7\u00e3o de amea\u00e7as\",\"governan\u00e7a de seguran\u00e7a\",\"IA advers\u00e1ria\",\"Intelig\u00eancia Artificial\",\"ISO\",\"LGPD\",\"NIST\",\"opera\u00e7\u00f5es de TI\",\"prote\u00e7\u00e3o de workloads\",\"resiliencia cibern\u00e9tica\",\"resposta a incidentes\",\"SecOps Summit 2026\",\"seguran\u00e7a em nuvem\"],\"articleSection\":[\"Artificial Intelligence\",\"Carreira\",\"Cyber Security\",\"Fast Lane\"],\"inLanguage\":\"pt-BR\"},{\"@type\":\"WebPage\",\"@id\":\"https:\/\/www.flane.com.pa\/blog\/pt\/secops-summit-2026-ciberseguranca-inteligencia-artificial\/\",\"url\":\"https:\/\/www.flane.com.pa\/blog\/pt\/secops-summit-2026-ciberseguranca-inteligencia-artificial\/\",\"name\":\"SecOps Summit 2026: IA e ciberseguran\u00e7a em pauta - TechTalk powered by Fast Lane LATAM\",\"isPartOf\":{\"@id\":\"https:\/\/www.flane.com.pa\/blog\/#website\"},\"primaryImageOfPage\":{\"@id\":\"https:\/\/www.flane.com.pa\/blog\/pt\/secops-summit-2026-ciberseguranca-inteligencia-artificial\/#primaryimage\"},\"image\":{\"@id\":\"https:\/\/www.flane.com.pa\/blog\/pt\/secops-summit-2026-ciberseguranca-inteligencia-artificial\/#primaryimage\"},\"thumbnailUrl\":\"https:\/\/www.flane.com.pa\/blog\/wp-content\/uploads\/2026\/03\/SecOps-Summit-2026-IA-e-ciberseguranca-em-pauta.png\",\"datePublished\":\"2026-03-23T19:07:48+00:00\",\"dateModified\":\"2026-04-08T19:18:56+00:00\",\"description\":\"Confira os principais temas do SecOps Summit 2026: IA, cloud security, governan\u00e7a e resili\u00eancia cibern\u00e9tica no maior evento de seguran\u00e7a do Sul do Brasil.\",\"breadcrumb\":{\"@id\":\"https:\/\/www.flane.com.pa\/blog\/pt\/secops-summit-2026-ciberseguranca-inteligencia-artificial\/#breadcrumb\"},\"inLanguage\":\"pt-BR\",\"potentialAction\":[{\"@type\":\"ReadAction\",\"target\":[\"https:\/\/www.flane.com.pa\/blog\/pt\/secops-summit-2026-ciberseguranca-inteligencia-artificial\/\"]}]},{\"@type\":\"ImageObject\",\"inLanguage\":\"pt-BR\",\"@id\":\"https:\/\/www.flane.com.pa\/blog\/pt\/secops-summit-2026-ciberseguranca-inteligencia-artificial\/#primaryimage\",\"url\":\"https:\/\/www.flane.com.pa\/blog\/wp-content\/uploads\/2026\/03\/SecOps-Summit-2026-IA-e-ciberseguranca-em-pauta.png\",\"contentUrl\":\"https:\/\/www.flane.com.pa\/blog\/wp-content\/uploads\/2026\/03\/SecOps-Summit-2026-IA-e-ciberseguranca-em-pauta.png\",\"width\":1280,\"height\":720},{\"@type\":\"BreadcrumbList\",\"@id\":\"https:\/\/www.flane.com.pa\/blog\/pt\/secops-summit-2026-ciberseguranca-inteligencia-artificial\/#breadcrumb\",\"itemListElement\":[{\"@type\":\"ListItem\",\"position\":1,\"name\":\"Home\",\"item\":\"https:\/\/www.flane.com.pa\/blog\/es\/\"},{\"@type\":\"ListItem\",\"position\":2,\"name\":\"SecOps Summit 2026: IA e ciberseguran\u00e7a em pauta\"}]},{\"@type\":\"WebSite\",\"@id\":\"https:\/\/www.flane.com.pa\/blog\/#website\",\"url\":\"https:\/\/www.flane.com.pa\/blog\/\",\"name\":\"TechTalk powered by Fast Lane LATAM\",\"description\":\"Sharing ideas and knowledge on IT training and certification\",\"publisher\":{\"@id\":\"https:\/\/www.flane.com.pa\/blog\/#organization\"},\"potentialAction\":[{\"@type\":\"SearchAction\",\"target\":{\"@type\":\"EntryPoint\",\"urlTemplate\":\"https:\/\/www.flane.com.pa\/blog\/?s={search_term_string}\"},\"query-input\":{\"@type\":\"PropertyValueSpecification\",\"valueRequired\":true,\"valueName\":\"search_term_string\"}}],\"inLanguage\":\"pt-BR\"},{\"@type\":\"Organization\",\"@id\":\"https:\/\/www.flane.com.pa\/blog\/#organization\",\"name\":\"Fast Lane Brasil\",\"url\":\"https:\/\/www.flane.com.pa\/blog\/\",\"logo\":{\"@type\":\"ImageObject\",\"inLanguage\":\"pt-BR\",\"@id\":\"https:\/\/www.flane.com.pa\/blog\/#\/schema\/logo\/image\/\",\"url\":\"https:\/\/www.flane.com.pa\/blog\/wp-content\/uploads\/2019\/10\/fast-lane-ng3.png\",\"contentUrl\":\"https:\/\/www.flane.com.pa\/blog\/wp-content\/uploads\/2019\/10\/fast-lane-ng3.png\",\"width\":209,\"height\":31,\"caption\":\"Fast Lane Brasil\"},\"image\":{\"@id\":\"https:\/\/www.flane.com.pa\/blog\/#\/schema\/logo\/image\/\"},\"sameAs\":[\"https:\/\/www.facebook.com\/FastLane.br\",\"https:\/\/x.com\/FastLaneBr\",\"https:\/\/www.instagram.com\/fastlane.br\/\",\"https:\/\/www.linkedin.com\/company\/fastlanebr\"]},{\"@type\":\"Person\",\"@id\":\"https:\/\/www.flane.com.pa\/blog\/#\/schema\/person\/137dd93330c10cbd683159ae4b4ff9c4\",\"name\":\"Mayara Pimentel\",\"image\":{\"@type\":\"ImageObject\",\"inLanguage\":\"pt-BR\",\"@id\":\"https:\/\/www.flane.com.pa\/blog\/#\/schema\/person\/image\/\",\"url\":\"https:\/\/secure.gravatar.com\/avatar\/2b3587a15e9883ddffd48fb9d5bb7a23f4e90d20357a2eb97901b3cfbfcf7833?s=96&d=mm&r=g\",\"contentUrl\":\"https:\/\/secure.gravatar.com\/avatar\/2b3587a15e9883ddffd48fb9d5bb7a23f4e90d20357a2eb97901b3cfbfcf7833?s=96&d=mm&r=g\",\"caption\":\"Mayara Pimentel\"},\"sameAs\":[\"https:\/\/www.instagram.com\/mayara.piimentel\/\",\"https:\/\/www.linkedin.com\/in\/mayara-pimentel\/\"],\"url\":\"https:\/\/www.flane.com.pa\/blog\/author\/mayarap\/\"}]}<\/script>\n<!-- \/ Yoast SEO plugin. -->","yoast_head_json":{"title":"SecOps Summit 2026: IA e ciberseguran\u00e7a em pauta - TechTalk powered by Fast Lane LATAM","description":"Confira os principais temas do SecOps Summit 2026: IA, cloud security, governan\u00e7a e resili\u00eancia cibern\u00e9tica no maior evento de seguran\u00e7a do Sul do Brasil.","robots":{"index":"index","follow":"follow","max-snippet":"max-snippet:-1","max-image-preview":"max-image-preview:large","max-video-preview":"max-video-preview:-1"},"canonical":"https:\/\/www.flane.com.pa\/blog\/pt\/secops-summit-2026-ciberseguranca-inteligencia-artificial\/","og_locale":"pt_BR","og_type":"article","og_title":"SecOps Summit 2026: IA e ciberseguran\u00e7a em pauta - TechTalk powered by Fast Lane LATAM","og_description":"Confira os principais temas do SecOps Summit 2026: IA, cloud security, governan\u00e7a e resili\u00eancia cibern\u00e9tica no maior evento de seguran\u00e7a do Sul do Brasil.","og_url":"https:\/\/www.flane.com.pa\/blog\/pt\/secops-summit-2026-ciberseguranca-inteligencia-artificial\/","og_site_name":"TechTalk powered by Fast Lane LATAM","article_publisher":"https:\/\/www.facebook.com\/FastLane.br","article_published_time":"2026-03-23T19:07:48+00:00","article_modified_time":"2026-04-08T19:18:56+00:00","og_image":[{"width":1280,"height":720,"url":"https:\/\/www.flane.com.pa\/blog\/wp-content\/uploads\/2026\/03\/SecOps-Summit-2026-IA-e-ciberseguranca-em-pauta.png","type":"image\/png"}],"author":"Mayara Pimentel","twitter_card":"summary_large_image","twitter_creator":"@FastLaneBr","twitter_site":"@FastLaneBr","twitter_misc":{"Escrito por":"Mayara Pimentel","Est. tempo de leitura":"3 minutos"},"schema":{"@context":"https:\/\/schema.org","@graph":[{"@type":"Article","@id":"https:\/\/www.flane.com.pa\/blog\/pt\/secops-summit-2026-ciberseguranca-inteligencia-artificial\/#article","isPartOf":{"@id":"https:\/\/www.flane.com.pa\/blog\/pt\/secops-summit-2026-ciberseguranca-inteligencia-artificial\/"},"author":{"name":"Mayara Pimentel","@id":"https:\/\/www.flane.com.pa\/blog\/#\/schema\/person\/137dd93330c10cbd683159ae4b4ff9c4"},"headline":"SecOps Summit 2026: IA e ciberseguran\u00e7a em pauta","datePublished":"2026-03-23T19:07:48+00:00","dateModified":"2026-04-08T19:18:56+00:00","mainEntityOfPage":{"@id":"https:\/\/www.flane.com.pa\/blog\/pt\/secops-summit-2026-ciberseguranca-inteligencia-artificial\/"},"wordCount":422,"publisher":{"@id":"https:\/\/www.flane.com.pa\/blog\/#organization"},"image":{"@id":"https:\/\/www.flane.com.pa\/blog\/pt\/secops-summit-2026-ciberseguranca-inteligencia-artificial\/#primaryimage"},"thumbnailUrl":"https:\/\/www.flane.com.pa\/blog\/wp-content\/uploads\/2026\/03\/SecOps-Summit-2026-IA-e-ciberseguranca-em-pauta.png","keywords":["Ciberseguran\u00e7a","cloud security","detec\u00e7\u00e3o de amea\u00e7as","governan\u00e7a de seguran\u00e7a","IA advers\u00e1ria","Intelig\u00eancia Artificial","ISO","LGPD","NIST","opera\u00e7\u00f5es de TI","prote\u00e7\u00e3o de workloads","resiliencia cibern\u00e9tica","resposta a incidentes","SecOps Summit 2026","seguran\u00e7a em nuvem"],"articleSection":["Artificial Intelligence","Carreira","Cyber Security","Fast Lane"],"inLanguage":"pt-BR"},{"@type":"WebPage","@id":"https:\/\/www.flane.com.pa\/blog\/pt\/secops-summit-2026-ciberseguranca-inteligencia-artificial\/","url":"https:\/\/www.flane.com.pa\/blog\/pt\/secops-summit-2026-ciberseguranca-inteligencia-artificial\/","name":"SecOps Summit 2026: IA e ciberseguran\u00e7a em pauta - TechTalk powered by Fast Lane LATAM","isPartOf":{"@id":"https:\/\/www.flane.com.pa\/blog\/#website"},"primaryImageOfPage":{"@id":"https:\/\/www.flane.com.pa\/blog\/pt\/secops-summit-2026-ciberseguranca-inteligencia-artificial\/#primaryimage"},"image":{"@id":"https:\/\/www.flane.com.pa\/blog\/pt\/secops-summit-2026-ciberseguranca-inteligencia-artificial\/#primaryimage"},"thumbnailUrl":"https:\/\/www.flane.com.pa\/blog\/wp-content\/uploads\/2026\/03\/SecOps-Summit-2026-IA-e-ciberseguranca-em-pauta.png","datePublished":"2026-03-23T19:07:48+00:00","dateModified":"2026-04-08T19:18:56+00:00","description":"Confira os principais temas do SecOps Summit 2026: IA, cloud security, governan\u00e7a e resili\u00eancia cibern\u00e9tica no maior evento de seguran\u00e7a do Sul do Brasil.","breadcrumb":{"@id":"https:\/\/www.flane.com.pa\/blog\/pt\/secops-summit-2026-ciberseguranca-inteligencia-artificial\/#breadcrumb"},"inLanguage":"pt-BR","potentialAction":[{"@type":"ReadAction","target":["https:\/\/www.flane.com.pa\/blog\/pt\/secops-summit-2026-ciberseguranca-inteligencia-artificial\/"]}]},{"@type":"ImageObject","inLanguage":"pt-BR","@id":"https:\/\/www.flane.com.pa\/blog\/pt\/secops-summit-2026-ciberseguranca-inteligencia-artificial\/#primaryimage","url":"https:\/\/www.flane.com.pa\/blog\/wp-content\/uploads\/2026\/03\/SecOps-Summit-2026-IA-e-ciberseguranca-em-pauta.png","contentUrl":"https:\/\/www.flane.com.pa\/blog\/wp-content\/uploads\/2026\/03\/SecOps-Summit-2026-IA-e-ciberseguranca-em-pauta.png","width":1280,"height":720},{"@type":"BreadcrumbList","@id":"https:\/\/www.flane.com.pa\/blog\/pt\/secops-summit-2026-ciberseguranca-inteligencia-artificial\/#breadcrumb","itemListElement":[{"@type":"ListItem","position":1,"name":"Home","item":"https:\/\/www.flane.com.pa\/blog\/es\/"},{"@type":"ListItem","position":2,"name":"SecOps Summit 2026: IA e ciberseguran\u00e7a em pauta"}]},{"@type":"WebSite","@id":"https:\/\/www.flane.com.pa\/blog\/#website","url":"https:\/\/www.flane.com.pa\/blog\/","name":"TechTalk powered by Fast Lane LATAM","description":"Sharing ideas and knowledge on IT training and certification","publisher":{"@id":"https:\/\/www.flane.com.pa\/blog\/#organization"},"potentialAction":[{"@type":"SearchAction","target":{"@type":"EntryPoint","urlTemplate":"https:\/\/www.flane.com.pa\/blog\/?s={search_term_string}"},"query-input":{"@type":"PropertyValueSpecification","valueRequired":true,"valueName":"search_term_string"}}],"inLanguage":"pt-BR"},{"@type":"Organization","@id":"https:\/\/www.flane.com.pa\/blog\/#organization","name":"Fast Lane Brasil","url":"https:\/\/www.flane.com.pa\/blog\/","logo":{"@type":"ImageObject","inLanguage":"pt-BR","@id":"https:\/\/www.flane.com.pa\/blog\/#\/schema\/logo\/image\/","url":"https:\/\/www.flane.com.pa\/blog\/wp-content\/uploads\/2019\/10\/fast-lane-ng3.png","contentUrl":"https:\/\/www.flane.com.pa\/blog\/wp-content\/uploads\/2019\/10\/fast-lane-ng3.png","width":209,"height":31,"caption":"Fast Lane Brasil"},"image":{"@id":"https:\/\/www.flane.com.pa\/blog\/#\/schema\/logo\/image\/"},"sameAs":["https:\/\/www.facebook.com\/FastLane.br","https:\/\/x.com\/FastLaneBr","https:\/\/www.instagram.com\/fastlane.br\/","https:\/\/www.linkedin.com\/company\/fastlanebr"]},{"@type":"Person","@id":"https:\/\/www.flane.com.pa\/blog\/#\/schema\/person\/137dd93330c10cbd683159ae4b4ff9c4","name":"Mayara Pimentel","image":{"@type":"ImageObject","inLanguage":"pt-BR","@id":"https:\/\/www.flane.com.pa\/blog\/#\/schema\/person\/image\/","url":"https:\/\/secure.gravatar.com\/avatar\/2b3587a15e9883ddffd48fb9d5bb7a23f4e90d20357a2eb97901b3cfbfcf7833?s=96&d=mm&r=g","contentUrl":"https:\/\/secure.gravatar.com\/avatar\/2b3587a15e9883ddffd48fb9d5bb7a23f4e90d20357a2eb97901b3cfbfcf7833?s=96&d=mm&r=g","caption":"Mayara Pimentel"},"sameAs":["https:\/\/www.instagram.com\/mayara.piimentel\/","https:\/\/www.linkedin.com\/in\/mayara-pimentel\/"],"url":"https:\/\/www.flane.com.pa\/blog\/author\/mayarap\/"}]}},"_links":{"self":[{"href":"https:\/\/www.flane.com.pa\/blog\/wp-json\/wp\/v2\/posts\/12172","targetHints":{"allow":["GET"]}}],"collection":[{"href":"https:\/\/www.flane.com.pa\/blog\/wp-json\/wp\/v2\/posts"}],"about":[{"href":"https:\/\/www.flane.com.pa\/blog\/wp-json\/wp\/v2\/types\/post"}],"author":[{"embeddable":true,"href":"https:\/\/www.flane.com.pa\/blog\/wp-json\/wp\/v2\/users\/15"}],"replies":[{"embeddable":true,"href":"https:\/\/www.flane.com.pa\/blog\/wp-json\/wp\/v2\/comments?post=12172"}],"version-history":[{"count":2,"href":"https:\/\/www.flane.com.pa\/blog\/wp-json\/wp\/v2\/posts\/12172\/revisions"}],"predecessor-version":[{"id":12175,"href":"https:\/\/www.flane.com.pa\/blog\/wp-json\/wp\/v2\/posts\/12172\/revisions\/12175"}],"wp:featuredmedia":[{"embeddable":true,"href":"https:\/\/www.flane.com.pa\/blog\/wp-json\/wp\/v2\/media\/12176"}],"wp:attachment":[{"href":"https:\/\/www.flane.com.pa\/blog\/wp-json\/wp\/v2\/media?parent=12172"}],"wp:term":[{"taxonomy":"category","embeddable":true,"href":"https:\/\/www.flane.com.pa\/blog\/wp-json\/wp\/v2\/categories?post=12172"},{"taxonomy":"post_tag","embeddable":true,"href":"https:\/\/www.flane.com.pa\/blog\/wp-json\/wp\/v2\/tags?post=12172"}],"curies":[{"name":"wp","href":"https:\/\/api.w.org\/{rel}","templated":true}]}}