{"id":12208,"date":"2026-04-30T17:41:53","date_gmt":"2026-04-30T20:41:53","guid":{"rendered":"https:\/\/www.flane.com.pa\/blog\/?p=12208"},"modified":"2026-04-30T17:56:35","modified_gmt":"2026-04-30T20:56:35","slug":"regulacion-de-la-ia-que-esta-pasando-en-ee-uu-europa-y-latam","status":"publish","type":"post","link":"https:\/\/www.flane.com.pa\/blog\/es\/regulacion-de-la-ia-que-esta-pasando-en-ee-uu-europa-y-latam\/","title":{"rendered":"Regulaci\u00f3n de la IA: qu\u00e9 est\u00e1 pasando en EE. UU., Europa y LATAM"},"content":{"rendered":"<span class=\"span-reading-time rt-reading-time\" style=\"display: block;\"><span class=\"rt-label rt-prefix\">Reading time: <\/span> <span class=\"rt-time\"> 3<\/span> <span class=\"rt-label rt-postfix\">minutes - <\/span><\/span><section class=\"l-section wpb_row height_small\"><div class=\"l-section-h i-cf\"><div class=\"g-cols vc_row via_flex valign_top type_default stacking_default\"><div class=\"vc_col-sm-12 wpb_column vc_column_container\"><div class=\"vc_column-inner\"><div class=\"wpb_wrapper\"><div class=\"wpb_text_column\"><div class=\"wpb_wrapper\"><p data-start=\"698\" data-end=\"987\">La <strong data-start=\"701\" data-end=\"733\">inteligencia artificial (IA)<\/strong> dej\u00f3 de ser una tendencia para convertirse en un pilar estrat\u00e9gico en la transformaci\u00f3n digital de empresas y gobiernos. Sin embargo, su crecimiento acelerado ha puesto sobre la mesa una pregunta clave: <strong data-start=\"937\" data-end=\"987\">\u00bfc\u00f3mo regular su uso sin frenar la innovaci\u00f3n?<\/strong><\/p>\n<p data-start=\"989\" data-end=\"1353\">Hoy, distintas regiones del mundo est\u00e1n avanzando con enfoques propios para establecer marcos regulatorios que permitan un desarrollo <strong data-start=\"1123\" data-end=\"1153\">seguro, \u00e9tico y sostenible<\/strong> de la IA. En este contexto, entender qu\u00e9 est\u00e1 ocurriendo en <strong data-start=\"1214\" data-end=\"1257\">Estados Unidos, Europa y Am\u00e9rica Latina<\/strong> es fundamental para organizaciones que buscan implementar esta tecnolog\u00eda de forma responsable.<\/p>\n<\/div><\/div><\/div><\/div><\/div><\/div><\/div><\/section><section class=\"l-section wpb_row height_small\"><div class=\"l-section-h i-cf\"><div class=\"g-cols vc_row via_flex valign_top type_default stacking_default\"><div class=\"vc_col-sm-12 wpb_column vc_column_container\"><div class=\"vc_column-inner\"><div class=\"wpb_wrapper\"><div class=\"w-separator size_medium\"><\/div><\/div><\/div><\/div><\/div><\/div><\/section><section class=\"l-section wpb_row height_small\"><div class=\"l-section-h i-cf\"><div class=\"g-cols vc_row via_flex valign_top type_default stacking_default\"><div class=\"vc_col-sm-12 wpb_column vc_column_container\"><div class=\"vc_column-inner\"><div class=\"wpb_wrapper\"><div class=\"wpb_text_column\"><div class=\"wpb_wrapper\"><h2 data-section-id=\"1n0pn2x\" data-start=\"1360\" data-end=\"1412\">\ud83c\uddea\ud83c\uddfa Europa: el modelo m\u00e1s avanzado en regulaci\u00f3n<\/h2>\n<p data-start=\"1414\" data-end=\"1626\">Europa se ha posicionado como l\u00edder global en la regulaci\u00f3n de la IA con la implementaci\u00f3n de la <strong data-start=\"1511\" data-end=\"1552\"><span class=\"hover:entity-accent entity-underline inline cursor-pointer align-baseline\"><span class=\"whitespace-normal\">AI Act<\/span><\/span><\/strong>, considerada la primera normativa integral sobre inteligencia artificial.<\/p>\n<p data-start=\"1628\" data-end=\"1693\">Este marco clasifica los sistemas de IA seg\u00fan su nivel de riesgo:<\/p>\n<ul data-start=\"1694\" data-end=\"1867\">\n<li data-section-id=\"1srut8u\" data-start=\"1694\" data-end=\"1732\"><strong data-start=\"1696\" data-end=\"1718\">Riesgo inaceptable<\/strong> (prohibido)<\/li>\n<li data-section-id=\"zvro8x\" data-start=\"1733\" data-end=\"1777\"><strong data-start=\"1735\" data-end=\"1750\">Alto riesgo<\/strong> (regulado estrictamente)<\/li>\n<li data-section-id=\"16mzish\" data-start=\"1778\" data-end=\"1835\"><strong data-start=\"1780\" data-end=\"1799\">Riesgo limitado<\/strong> (con requisitos de transparencia)<\/li>\n<li data-section-id=\"1wzmnjk\" data-start=\"1836\" data-end=\"1867\"><strong data-start=\"1838\" data-end=\"1855\">Riesgo m\u00ednimo<\/strong> (uso libre)<\/li>\n<\/ul>\n<p data-start=\"1869\" data-end=\"2049\">El enfoque europeo prioriza la <strong data-start=\"1900\" data-end=\"1944\">protecci\u00f3n de los derechos fundamentales<\/strong>, la transparencia y la seguridad, estableciendo est\u00e1ndares que podr\u00edan convertirse en referencia global.<\/p>\n<p data-start=\"2051\" data-end=\"2287\">\ud83d\udca1 <em data-start=\"2054\" data-end=\"2089\">\u00bfQu\u00e9 significa para las empresas?<\/em><br data-start=\"2089\" data-end=\"2092\" \/>Cualquier organizaci\u00f3n que opere o interact\u00fae con el mercado europeo deber\u00e1 adaptar sus soluciones de IA a estos requisitos, lo que eleva la importancia del cumplimiento normativo (<em data-start=\"2273\" data-end=\"2285\">compliance<\/em>).<\/p>\n<\/div><\/div><\/div><\/div><\/div><\/div><\/div><\/section><section class=\"l-section wpb_row height_small\"><div class=\"l-section-h i-cf\"><div class=\"g-cols vc_row via_flex valign_top type_default stacking_default\"><div class=\"vc_col-sm-12 wpb_column vc_column_container\"><div class=\"vc_column-inner\"><div class=\"wpb_wrapper\"><div class=\"w-separator size_medium\"><\/div><\/div><\/div><\/div><\/div><\/div><\/section><section class=\"l-section wpb_row height_small\"><div class=\"l-section-h i-cf\"><div class=\"g-cols vc_row via_flex valign_top type_default stacking_default\"><div class=\"vc_col-sm-12 wpb_column vc_column_container\"><div class=\"vc_column-inner\"><div class=\"wpb_wrapper\"><div class=\"wpb_text_column\"><div class=\"wpb_wrapper\"><h2 data-section-id=\"1yn65oi\" data-start=\"2294\" data-end=\"2352\">\ud83c\uddfa\ud83c\uddf8 Estados Unidos: innovaci\u00f3n con regulaci\u00f3n flexible<\/h2>\n<p data-start=\"2354\" data-end=\"2483\">A diferencia de Europa, Estados Unidos ha adoptado un enfoque m\u00e1s flexible, priorizando la innovaci\u00f3n y el liderazgo tecnol\u00f3gico.<\/p>\n<p data-start=\"2485\" data-end=\"2587\">Iniciativas como el <strong data-start=\"2505\" data-end=\"2546\"><span class=\"hover:entity-accent entity-underline inline cursor-pointer align-baseline\"><span class=\"whitespace-normal\">AI Bill of Rights<\/span><\/span><\/strong> buscan establecer principios clave como:<\/p>\n<ul data-start=\"2588\" data-end=\"2739\">\n<li data-section-id=\"amhujf\" data-start=\"2588\" data-end=\"2646\">Protecci\u00f3n contra sistemas automatizados perjudiciales<\/li>\n<li data-section-id=\"p07tjn\" data-start=\"2647\" data-end=\"2670\">Privacidad de datos<\/li>\n<li data-section-id=\"nj84b3\" data-start=\"2671\" data-end=\"2716\">Transparencia en decisiones automatizadas<\/li>\n<li data-section-id=\"1q3q7kf\" data-start=\"2717\" data-end=\"2739\">Supervisi\u00f3n humana<\/li>\n<\/ul>\n<p data-start=\"2741\" data-end=\"2925\">Adem\u00e1s, grandes empresas tecnol\u00f3gicas est\u00e1n participando activamente en la definici\u00f3n de buenas pr\u00e1cticas, lo que genera un ecosistema donde la autorregulaci\u00f3n juega un rol importante.<\/p>\n<p data-start=\"2927\" data-end=\"3072\">\ud83d\udca1 <em data-start=\"2930\" data-end=\"2960\">\u00bfQu\u00e9 significa este enfoque?<\/em><br data-start=\"2960\" data-end=\"2963\" \/>Permite mayor velocidad en la innovaci\u00f3n, pero tambi\u00e9n genera desaf\u00edos en cuanto a estandarizaci\u00f3n y control.<\/p>\n<\/div><\/div><\/div><\/div><\/div><\/div><\/div><\/section><section class=\"l-section wpb_row height_small\"><div class=\"l-section-h i-cf\"><div class=\"g-cols vc_row via_flex valign_top type_default stacking_default\"><div class=\"vc_col-sm-12 wpb_column vc_column_container\"><div class=\"vc_column-inner\"><div class=\"wpb_wrapper\"><div class=\"w-separator size_medium\"><\/div><\/div><\/div><\/div><\/div><\/div><\/section><section class=\"l-section wpb_row height_small\"><div class=\"l-section-h i-cf\"><div class=\"g-cols vc_row via_flex valign_top type_default stacking_default\"><div class=\"vc_col-sm-12 wpb_column vc_column_container\"><div class=\"vc_column-inner\"><div class=\"wpb_wrapper\"><div class=\"wpb_text_column\"><div class=\"wpb_wrapper\"><h2 data-section-id=\"q11obx\" data-start=\"3079\" data-end=\"3113\">\ud83c\udf0e LATAM: avances en desarrollo<\/h2>\n<p data-start=\"3115\" data-end=\"3253\">En Am\u00e9rica Latina, la regulaci\u00f3n de la IA a\u00fan est\u00e1 en etapas iniciales, pero con avances relevantes en pa\u00edses como Brasil, Chile y M\u00e9xico.<\/p>\n<p data-start=\"3255\" data-end=\"3314\">La regi\u00f3n est\u00e1 adoptando un enfoque progresivo, combinando:<\/p>\n<ul data-start=\"3315\" data-end=\"3400\">\n<li data-section-id=\"v96y76\" data-start=\"3315\" data-end=\"3332\">Marcos \u00e9ticos<\/li>\n<li data-section-id=\"m7ypuq\" data-start=\"3333\" data-end=\"3365\">Estrategias nacionales de IA<\/li>\n<li data-section-id=\"yoes7v\" data-start=\"3366\" data-end=\"3400\">Proyectos de ley en desarrollo<\/li>\n<\/ul>\n<p data-start=\"3402\" data-end=\"3414\">Por ejemplo:<\/p>\n<ul data-start=\"3415\" data-end=\"3610\">\n<li data-section-id=\"bx8tn\" data-start=\"3415\" data-end=\"3483\">Brasil ha propuesto regulaciones inspiradas en el modelo europeo<\/li>\n<li data-section-id=\"frak80\" data-start=\"3484\" data-end=\"3551\">Chile impulsa pol\u00edticas de IA con enfoque en derechos digitales<\/li>\n<li data-section-id=\"1ce0rsz\" data-start=\"3552\" data-end=\"3610\">M\u00e9xico avanza en iniciativas de gobernanza tecnol\u00f3gica<\/li>\n<\/ul>\n<p data-start=\"3612\" data-end=\"3771\">\ud83d\udca1 <em data-start=\"3615\" data-end=\"3641\">El gran desaf\u00edo en LATAM<\/em><br data-start=\"3641\" data-end=\"3644\" \/>Equilibrar la adopci\u00f3n tecnol\u00f3gica con marcos regulatorios que fomenten la innovaci\u00f3n sin generar barreras para el crecimiento.<\/p>\n<\/div><\/div><\/div><\/div><\/div><\/div><\/div><\/section><section class=\"l-section wpb_row height_small\"><div class=\"l-section-h i-cf\"><div class=\"g-cols vc_row via_flex valign_top type_default stacking_default\"><div class=\"vc_col-sm-12 wpb_column vc_column_container\"><div class=\"vc_column-inner\"><div class=\"wpb_wrapper\"><div class=\"w-separator size_medium\"><\/div><\/div><\/div><\/div><\/div><\/div><\/section><section class=\"l-section wpb_row height_small\"><div class=\"l-section-h i-cf\"><div class=\"g-cols vc_row via_flex valign_top type_default stacking_default\"><div class=\"vc_col-sm-12 wpb_column vc_column_container\"><div class=\"vc_column-inner\"><div class=\"wpb_wrapper\"><div class=\"wpb_text_column\"><div class=\"wpb_wrapper\"><h2 data-section-id=\"jjpwt9\" data-start=\"3778\" data-end=\"3843\">El gran reto: equilibrio entre innovaci\u00f3n y responsabilidad<\/h2>\n<p data-start=\"3845\" data-end=\"3946\">La regulaci\u00f3n de la IA no busca frenar el avance tecnol\u00f3gico, sino <strong data-start=\"3912\" data-end=\"3945\">garantizar su uso responsable<\/strong>.<\/p>\n<p data-start=\"3948\" data-end=\"3997\">Entre los principales desaf\u00edos globales destacan:<\/p>\n<ul data-start=\"3998\" data-end=\"4193\">\n<li data-section-id=\"hpimhm\" data-start=\"3998\" data-end=\"4070\">La velocidad del desarrollo tecnol\u00f3gico vs. la velocidad regulatoria<\/li>\n<li data-section-id=\"1yjejfp\" data-start=\"4071\" data-end=\"4117\">La necesidad de est\u00e1ndares internacionales<\/li>\n<li data-section-id=\"1r12xby\" data-start=\"4118\" data-end=\"4151\">La gesti\u00f3n \u00e9tica de los datos<\/li>\n<li data-section-id=\"11bicvx\" data-start=\"4152\" data-end=\"4193\">La transparencia en los modelos de IA<\/li>\n<\/ul>\n<p data-start=\"4195\" data-end=\"4334\">Para las organizaciones, esto implica que la adopci\u00f3n de IA ya no es solo una decisi\u00f3n t\u00e9cnica, sino tambi\u00e9n <strong data-start=\"4304\" data-end=\"4333\">estrat\u00e9gica y regulatoria<\/strong>.<\/p>\n<\/div><\/div><\/div><\/div><\/div><\/div><\/div><\/section><section class=\"l-section wpb_row height_small\"><div class=\"l-section-h i-cf\"><div class=\"g-cols vc_row via_flex valign_top type_default stacking_default\"><div class=\"vc_col-sm-12 wpb_column vc_column_container\"><div class=\"vc_column-inner\"><div class=\"wpb_wrapper\"><div class=\"w-separator size_medium\"><\/div><\/div><\/div><\/div><\/div><\/div><\/section><section class=\"l-section wpb_row height_small\"><div class=\"l-section-h i-cf\"><div class=\"g-cols vc_row via_flex valign_top type_default stacking_default\"><div class=\"vc_col-sm-12 wpb_column vc_column_container\"><div class=\"vc_column-inner\"><div class=\"wpb_wrapper\"><div class=\"wpb_text_column\"><div class=\"wpb_wrapper\"><h2 data-section-id=\"8q89am\" data-start=\"4341\" data-end=\"4381\">\u00bfQu\u00e9 deben hacer las empresas hoy?<\/h2>\n<p data-start=\"4383\" data-end=\"4501\">Frente a este panorama, las empresas deben prepararse para un entorno donde la regulaci\u00f3n ser\u00e1 cada vez m\u00e1s relevante.<\/p>\n<p data-start=\"4503\" data-end=\"4535\">Algunas acciones clave incluyen:<\/p>\n<ul data-start=\"4536\" data-end=\"4772\">\n<li data-section-id=\"1pj5g4f\" data-start=\"4536\" data-end=\"4599\">Incorporar principios de <strong data-start=\"4563\" data-end=\"4581\">IA responsable<\/strong> desde el dise\u00f1o<\/li>\n<li data-section-id=\"190tpd0\" data-start=\"4600\" data-end=\"4654\">Capacitar equipos en normativas y buenas pr\u00e1cticas<\/li>\n<li data-section-id=\"1pswkmp\" data-start=\"4655\" data-end=\"4702\">Evaluar riesgos en soluciones basadas en IA<\/li>\n<li data-section-id=\"6emtkw\" data-start=\"4703\" data-end=\"4772\">Alinear la estrategia tecnol\u00f3gica con el cumplimiento regulatorio<\/li>\n<\/ul>\n<\/div><\/div><\/div><\/div><\/div><\/div><\/div><\/section><section class=\"l-section wpb_row height_small\"><div class=\"l-section-h i-cf\"><div class=\"g-cols vc_row via_flex valign_top type_default stacking_default\"><div class=\"vc_col-sm-12 wpb_column vc_column_container\"><div class=\"vc_column-inner\"><div class=\"wpb_wrapper\"><div class=\"w-separator size_medium\"><\/div><\/div><\/div><\/div><\/div><\/div><\/section><section class=\"l-section wpb_row height_small\"><div class=\"l-section-h i-cf\"><div class=\"g-cols vc_row via_flex valign_top type_default stacking_default\"><div class=\"vc_col-sm-12 wpb_column vc_column_container\"><div class=\"vc_column-inner\"><div class=\"wpb_wrapper\"><div class=\"wpb_text_column\"><div class=\"wpb_wrapper\"><p data-start=\"4797\" data-end=\"5047\">La regulaci\u00f3n de la inteligencia artificial est\u00e1 marcando el futuro de la innovaci\u00f3n a nivel global. Mientras Europa lidera con un enfoque estructurado, Estados Unidos apuesta por la flexibilidad y LATAM avanza en la construcci\u00f3n de su propio camino.<\/p>\n<p data-start=\"5049\" data-end=\"5283\">En este escenario, las organizaciones que logren adaptarse r\u00e1pidamente no solo cumplir\u00e1n con las normativas, sino que tambi\u00e9n estar\u00e1n mejor posicionadas para <strong data-start=\"5207\" data-end=\"5282\">aprovechar todo el potencial de la IA de forma sostenible y competitiva<\/strong>.<\/p>\n<\/div><\/div><\/div><\/div><\/div><\/div><\/div><\/section>\n","protected":false},"excerpt":{"rendered":"La inteligencia artificial (IA) dej\u00f3 de ser una tendencia para convertirse en un pilar estrat\u00e9gico en la transformaci\u00f3n digital de empresas y gobiernos. Sin embargo, su crecimiento acelerado ha puesto sobre la mesa una pregunta clave: \u00bfc\u00f3mo regular su uso sin frenar la innovaci\u00f3n? Hoy, distintas regiones del mundo est\u00e1n avanzando con enfoques propios para...","protected":false},"author":11,"featured_media":12209,"comment_status":"closed","ping_status":"closed","sticky":false,"template":"","format":"standard","meta":{"_acf_changed":false,"footnotes":""},"categories":[904],"tags":[5672,266,350,391,140,56,128,116,5674,5676,574,244,5670,58,421],"class_list":["post-12208","post","type-post","status-publish","format-standard","has-post-thumbnail","hentry","category-sem-categoria-es","tag-ai-act-europa","tag-aprendizaje-automatico","tag-artificial-intelligence","tag-cloud-computing","tag-digitalizacion","tag-fast-lane","tag-fast-lane-blog","tag-ia","tag-ia-en-latam","tag-ia-responsable","tag-innovacion","tag-news","tag-regulacion-de-la-ia","tag-tecnologia","tag-transformacion-digital"],"acf":[],"yoast_head":"<!-- This site is optimized with the Yoast SEO plugin v26.6 - https:\/\/yoast.com\/wordpress\/plugins\/seo\/ -->\n<title>Regulaci\u00f3n global de la inteligencia artificial<\/title>\n<meta name=\"description\" content=\"Regulaci\u00f3n de la inteligencia artificial en Estados Unidos Europa y Am\u00e9rica Latina y su impacto en empresas y profesionales\" \/>\n<meta name=\"robots\" content=\"index, follow, max-snippet:-1, max-image-preview:large, max-video-preview:-1\" \/>\n<link rel=\"canonical\" href=\"https:\/\/www.flane.com.pa\/blog\/es\/regulacion-de-la-ia-que-esta-pasando-en-ee-uu-europa-y-latam\/\" \/>\n<meta property=\"og:locale\" content=\"pt_BR\" \/>\n<meta property=\"og:type\" content=\"article\" \/>\n<meta property=\"og:title\" content=\"Regulaci\u00f3n global de la inteligencia artificial\" \/>\n<meta property=\"og:description\" content=\"Regulaci\u00f3n de la inteligencia artificial en Estados Unidos Europa y Am\u00e9rica Latina y su impacto en empresas y profesionales\" \/>\n<meta property=\"og:url\" content=\"https:\/\/www.flane.com.pa\/blog\/es\/regulacion-de-la-ia-que-esta-pasando-en-ee-uu-europa-y-latam\/\" \/>\n<meta property=\"og:site_name\" content=\"TechTalk powered by Fast Lane LATAM\" \/>\n<meta property=\"article:publisher\" content=\"https:\/\/www.facebook.com\/FastLane.br\" \/>\n<meta property=\"article:published_time\" content=\"2026-04-30T20:41:53+00:00\" \/>\n<meta property=\"article:modified_time\" content=\"2026-04-30T20:56:35+00:00\" \/>\n<meta property=\"og:image\" content=\"https:\/\/www.flane.com.pa\/blog\/wp-content\/uploads\/2026\/04\/Regulacion-de-la-IA-que-esta-pasando-en-EE.-UU.-Europa-y-LATAM.png\" \/>\n\t<meta property=\"og:image:width\" content=\"1280\" \/>\n\t<meta property=\"og:image:height\" content=\"720\" \/>\n\t<meta property=\"og:image:type\" content=\"image\/png\" \/>\n<meta name=\"author\" content=\"Mayra Toullier\" \/>\n<meta name=\"twitter:card\" content=\"summary_large_image\" \/>\n<meta name=\"twitter:creator\" content=\"@FastLaneBr\" \/>\n<meta name=\"twitter:site\" content=\"@FastLaneBr\" \/>\n<meta name=\"twitter:label1\" content=\"Escrito por\" \/>\n\t<meta name=\"twitter:data1\" content=\"Mayra Toullier\" \/>\n\t<meta name=\"twitter:label2\" content=\"Est. tempo de leitura\" \/>\n\t<meta name=\"twitter:data2\" content=\"4 minutos\" \/>\n<script type=\"application\/ld+json\" class=\"yoast-schema-graph\">{\"@context\":\"https:\/\/schema.org\",\"@graph\":[{\"@type\":\"Article\",\"@id\":\"https:\/\/www.flane.com.pa\/blog\/es\/regulacion-de-la-ia-que-esta-pasando-en-ee-uu-europa-y-latam\/#article\",\"isPartOf\":{\"@id\":\"https:\/\/www.flane.com.pa\/blog\/es\/regulacion-de-la-ia-que-esta-pasando-en-ee-uu-europa-y-latam\/\"},\"author\":{\"name\":\"Mayra Toullier\",\"@id\":\"https:\/\/www.flane.com.pa\/blog\/#\/schema\/person\/9ca04e8669e599937e2b1cb1089c15cf\"},\"headline\":\"Regulaci\u00f3n de la IA: qu\u00e9 est\u00e1 pasando en EE. UU., Europa y LATAM\",\"datePublished\":\"2026-04-30T20:41:53+00:00\",\"dateModified\":\"2026-04-30T20:56:35+00:00\",\"mainEntityOfPage\":{\"@id\":\"https:\/\/www.flane.com.pa\/blog\/es\/regulacion-de-la-ia-que-esta-pasando-en-ee-uu-europa-y-latam\/\"},\"wordCount\":864,\"publisher\":{\"@id\":\"https:\/\/www.flane.com.pa\/blog\/#organization\"},\"image\":{\"@id\":\"https:\/\/www.flane.com.pa\/blog\/es\/regulacion-de-la-ia-que-esta-pasando-en-ee-uu-europa-y-latam\/#primaryimage\"},\"thumbnailUrl\":\"https:\/\/www.flane.com.pa\/blog\/wp-content\/uploads\/2026\/04\/Regulacion-de-la-IA-que-esta-pasando-en-EE.-UU.-Europa-y-LATAM.png\",\"keywords\":[\"AI Act Europa\",\"Aprendizaje Autom\u00e1tico\",\"artificial intelligence\",\"cloud computing\",\"Digitalizaci\u00f3n\",\"Fast Lane\",\"Fast Lane Blog\",\"IA\",\"IA en LATAM\",\"IA responsable\",\"innovaci\u00f3n\",\"news\",\"regulaci\u00f3n de la IA\",\"Tecnologia\",\"Transformaci\u00f3n digital\"],\"inLanguage\":\"pt-BR\"},{\"@type\":\"WebPage\",\"@id\":\"https:\/\/www.flane.com.pa\/blog\/es\/regulacion-de-la-ia-que-esta-pasando-en-ee-uu-europa-y-latam\/\",\"url\":\"https:\/\/www.flane.com.pa\/blog\/es\/regulacion-de-la-ia-que-esta-pasando-en-ee-uu-europa-y-latam\/\",\"name\":\"Regulaci\u00f3n global de la inteligencia artificial\",\"isPartOf\":{\"@id\":\"https:\/\/www.flane.com.pa\/blog\/#website\"},\"primaryImageOfPage\":{\"@id\":\"https:\/\/www.flane.com.pa\/blog\/es\/regulacion-de-la-ia-que-esta-pasando-en-ee-uu-europa-y-latam\/#primaryimage\"},\"image\":{\"@id\":\"https:\/\/www.flane.com.pa\/blog\/es\/regulacion-de-la-ia-que-esta-pasando-en-ee-uu-europa-y-latam\/#primaryimage\"},\"thumbnailUrl\":\"https:\/\/www.flane.com.pa\/blog\/wp-content\/uploads\/2026\/04\/Regulacion-de-la-IA-que-esta-pasando-en-EE.-UU.-Europa-y-LATAM.png\",\"datePublished\":\"2026-04-30T20:41:53+00:00\",\"dateModified\":\"2026-04-30T20:56:35+00:00\",\"description\":\"Regulaci\u00f3n de la inteligencia artificial en Estados Unidos Europa y Am\u00e9rica Latina y su impacto en empresas y profesionales\",\"breadcrumb\":{\"@id\":\"https:\/\/www.flane.com.pa\/blog\/es\/regulacion-de-la-ia-que-esta-pasando-en-ee-uu-europa-y-latam\/#breadcrumb\"},\"inLanguage\":\"pt-BR\",\"potentialAction\":[{\"@type\":\"ReadAction\",\"target\":[\"https:\/\/www.flane.com.pa\/blog\/es\/regulacion-de-la-ia-que-esta-pasando-en-ee-uu-europa-y-latam\/\"]}]},{\"@type\":\"ImageObject\",\"inLanguage\":\"pt-BR\",\"@id\":\"https:\/\/www.flane.com.pa\/blog\/es\/regulacion-de-la-ia-que-esta-pasando-en-ee-uu-europa-y-latam\/#primaryimage\",\"url\":\"https:\/\/www.flane.com.pa\/blog\/wp-content\/uploads\/2026\/04\/Regulacion-de-la-IA-que-esta-pasando-en-EE.-UU.-Europa-y-LATAM.png\",\"contentUrl\":\"https:\/\/www.flane.com.pa\/blog\/wp-content\/uploads\/2026\/04\/Regulacion-de-la-IA-que-esta-pasando-en-EE.-UU.-Europa-y-LATAM.png\",\"width\":1280,\"height\":720},{\"@type\":\"BreadcrumbList\",\"@id\":\"https:\/\/www.flane.com.pa\/blog\/es\/regulacion-de-la-ia-que-esta-pasando-en-ee-uu-europa-y-latam\/#breadcrumb\",\"itemListElement\":[{\"@type\":\"ListItem\",\"position\":1,\"name\":\"Home\",\"item\":\"https:\/\/www.flane.com.pa\/blog\/es\/\"},{\"@type\":\"ListItem\",\"position\":2,\"name\":\"Regulaci\u00f3n de la IA: qu\u00e9 est\u00e1 pasando en EE. UU., Europa y LATAM\"}]},{\"@type\":\"WebSite\",\"@id\":\"https:\/\/www.flane.com.pa\/blog\/#website\",\"url\":\"https:\/\/www.flane.com.pa\/blog\/\",\"name\":\"TechTalk powered by Fast Lane LATAM\",\"description\":\"Sharing ideas and knowledge on IT training and certification\",\"publisher\":{\"@id\":\"https:\/\/www.flane.com.pa\/blog\/#organization\"},\"potentialAction\":[{\"@type\":\"SearchAction\",\"target\":{\"@type\":\"EntryPoint\",\"urlTemplate\":\"https:\/\/www.flane.com.pa\/blog\/?s={search_term_string}\"},\"query-input\":{\"@type\":\"PropertyValueSpecification\",\"valueRequired\":true,\"valueName\":\"search_term_string\"}}],\"inLanguage\":\"pt-BR\"},{\"@type\":\"Organization\",\"@id\":\"https:\/\/www.flane.com.pa\/blog\/#organization\",\"name\":\"Fast Lane Brasil\",\"url\":\"https:\/\/www.flane.com.pa\/blog\/\",\"logo\":{\"@type\":\"ImageObject\",\"inLanguage\":\"pt-BR\",\"@id\":\"https:\/\/www.flane.com.pa\/blog\/#\/schema\/logo\/image\/\",\"url\":\"https:\/\/www.flane.com.pa\/blog\/wp-content\/uploads\/2019\/10\/fast-lane-ng3.png\",\"contentUrl\":\"https:\/\/www.flane.com.pa\/blog\/wp-content\/uploads\/2019\/10\/fast-lane-ng3.png\",\"width\":209,\"height\":31,\"caption\":\"Fast Lane Brasil\"},\"image\":{\"@id\":\"https:\/\/www.flane.com.pa\/blog\/#\/schema\/logo\/image\/\"},\"sameAs\":[\"https:\/\/www.facebook.com\/FastLane.br\",\"https:\/\/x.com\/FastLaneBr\",\"https:\/\/www.instagram.com\/fastlane.br\/\",\"https:\/\/www.linkedin.com\/company\/fastlanebr\"]},{\"@type\":\"Person\",\"@id\":\"https:\/\/www.flane.com.pa\/blog\/#\/schema\/person\/9ca04e8669e599937e2b1cb1089c15cf\",\"name\":\"Mayra Toullier\",\"image\":{\"@type\":\"ImageObject\",\"inLanguage\":\"pt-BR\",\"@id\":\"https:\/\/www.flane.com.pa\/blog\/#\/schema\/person\/image\/\",\"url\":\"https:\/\/secure.gravatar.com\/avatar\/a8ebee7fc1ee72a241cd95e6bead6fa5a0e8ba2630ca552a5b9cfaa1cee2c6bb?s=96&d=mm&r=g\",\"contentUrl\":\"https:\/\/secure.gravatar.com\/avatar\/a8ebee7fc1ee72a241cd95e6bead6fa5a0e8ba2630ca552a5b9cfaa1cee2c6bb?s=96&d=mm&r=g\",\"caption\":\"Mayra Toullier\"},\"description\":\"Especialista en Marketing Digital y Administraci\u00f3n con experiencia en la planificaci\u00f3n y ejecuci\u00f3n de estrategias digitales para empresas de diversos sectores. Experta en gesti\u00f3n de redes sociales, an\u00e1lisis de resultados, gesti\u00f3n de eventos y creaci\u00f3n de contenido. Capaz de liderar proyectos que incrementen la interacci\u00f3n y ventas digitales, con una formaci\u00f3n constante y orientada a resultados.\",\"sameAs\":[\"www.linkedin.com\/in\/mayratoullier\"],\"url\":\"https:\/\/www.flane.com.pa\/blog\/author\/mayra-toullier\/\"}]}<\/script>\n<!-- \/ Yoast SEO plugin. -->","yoast_head_json":{"title":"Regulaci\u00f3n global de la inteligencia artificial","description":"Regulaci\u00f3n de la inteligencia artificial en Estados Unidos Europa y Am\u00e9rica Latina y su impacto en empresas y profesionales","robots":{"index":"index","follow":"follow","max-snippet":"max-snippet:-1","max-image-preview":"max-image-preview:large","max-video-preview":"max-video-preview:-1"},"canonical":"https:\/\/www.flane.com.pa\/blog\/es\/regulacion-de-la-ia-que-esta-pasando-en-ee-uu-europa-y-latam\/","og_locale":"pt_BR","og_type":"article","og_title":"Regulaci\u00f3n global de la inteligencia artificial","og_description":"Regulaci\u00f3n de la inteligencia artificial en Estados Unidos Europa y Am\u00e9rica Latina y su impacto en empresas y profesionales","og_url":"https:\/\/www.flane.com.pa\/blog\/es\/regulacion-de-la-ia-que-esta-pasando-en-ee-uu-europa-y-latam\/","og_site_name":"TechTalk powered by Fast Lane LATAM","article_publisher":"https:\/\/www.facebook.com\/FastLane.br","article_published_time":"2026-04-30T20:41:53+00:00","article_modified_time":"2026-04-30T20:56:35+00:00","og_image":[{"width":1280,"height":720,"url":"https:\/\/www.flane.com.pa\/blog\/wp-content\/uploads\/2026\/04\/Regulacion-de-la-IA-que-esta-pasando-en-EE.-UU.-Europa-y-LATAM.png","type":"image\/png"}],"author":"Mayra Toullier","twitter_card":"summary_large_image","twitter_creator":"@FastLaneBr","twitter_site":"@FastLaneBr","twitter_misc":{"Escrito por":"Mayra Toullier","Est. tempo de leitura":"4 minutos"},"schema":{"@context":"https:\/\/schema.org","@graph":[{"@type":"Article","@id":"https:\/\/www.flane.com.pa\/blog\/es\/regulacion-de-la-ia-que-esta-pasando-en-ee-uu-europa-y-latam\/#article","isPartOf":{"@id":"https:\/\/www.flane.com.pa\/blog\/es\/regulacion-de-la-ia-que-esta-pasando-en-ee-uu-europa-y-latam\/"},"author":{"name":"Mayra Toullier","@id":"https:\/\/www.flane.com.pa\/blog\/#\/schema\/person\/9ca04e8669e599937e2b1cb1089c15cf"},"headline":"Regulaci\u00f3n de la IA: qu\u00e9 est\u00e1 pasando en EE. UU., Europa y LATAM","datePublished":"2026-04-30T20:41:53+00:00","dateModified":"2026-04-30T20:56:35+00:00","mainEntityOfPage":{"@id":"https:\/\/www.flane.com.pa\/blog\/es\/regulacion-de-la-ia-que-esta-pasando-en-ee-uu-europa-y-latam\/"},"wordCount":864,"publisher":{"@id":"https:\/\/www.flane.com.pa\/blog\/#organization"},"image":{"@id":"https:\/\/www.flane.com.pa\/blog\/es\/regulacion-de-la-ia-que-esta-pasando-en-ee-uu-europa-y-latam\/#primaryimage"},"thumbnailUrl":"https:\/\/www.flane.com.pa\/blog\/wp-content\/uploads\/2026\/04\/Regulacion-de-la-IA-que-esta-pasando-en-EE.-UU.-Europa-y-LATAM.png","keywords":["AI Act Europa","Aprendizaje Autom\u00e1tico","artificial intelligence","cloud computing","Digitalizaci\u00f3n","Fast Lane","Fast Lane Blog","IA","IA en LATAM","IA responsable","innovaci\u00f3n","news","regulaci\u00f3n de la IA","Tecnologia","Transformaci\u00f3n digital"],"inLanguage":"pt-BR"},{"@type":"WebPage","@id":"https:\/\/www.flane.com.pa\/blog\/es\/regulacion-de-la-ia-que-esta-pasando-en-ee-uu-europa-y-latam\/","url":"https:\/\/www.flane.com.pa\/blog\/es\/regulacion-de-la-ia-que-esta-pasando-en-ee-uu-europa-y-latam\/","name":"Regulaci\u00f3n global de la inteligencia artificial","isPartOf":{"@id":"https:\/\/www.flane.com.pa\/blog\/#website"},"primaryImageOfPage":{"@id":"https:\/\/www.flane.com.pa\/blog\/es\/regulacion-de-la-ia-que-esta-pasando-en-ee-uu-europa-y-latam\/#primaryimage"},"image":{"@id":"https:\/\/www.flane.com.pa\/blog\/es\/regulacion-de-la-ia-que-esta-pasando-en-ee-uu-europa-y-latam\/#primaryimage"},"thumbnailUrl":"https:\/\/www.flane.com.pa\/blog\/wp-content\/uploads\/2026\/04\/Regulacion-de-la-IA-que-esta-pasando-en-EE.-UU.-Europa-y-LATAM.png","datePublished":"2026-04-30T20:41:53+00:00","dateModified":"2026-04-30T20:56:35+00:00","description":"Regulaci\u00f3n de la inteligencia artificial en Estados Unidos Europa y Am\u00e9rica Latina y su impacto en empresas y profesionales","breadcrumb":{"@id":"https:\/\/www.flane.com.pa\/blog\/es\/regulacion-de-la-ia-que-esta-pasando-en-ee-uu-europa-y-latam\/#breadcrumb"},"inLanguage":"pt-BR","potentialAction":[{"@type":"ReadAction","target":["https:\/\/www.flane.com.pa\/blog\/es\/regulacion-de-la-ia-que-esta-pasando-en-ee-uu-europa-y-latam\/"]}]},{"@type":"ImageObject","inLanguage":"pt-BR","@id":"https:\/\/www.flane.com.pa\/blog\/es\/regulacion-de-la-ia-que-esta-pasando-en-ee-uu-europa-y-latam\/#primaryimage","url":"https:\/\/www.flane.com.pa\/blog\/wp-content\/uploads\/2026\/04\/Regulacion-de-la-IA-que-esta-pasando-en-EE.-UU.-Europa-y-LATAM.png","contentUrl":"https:\/\/www.flane.com.pa\/blog\/wp-content\/uploads\/2026\/04\/Regulacion-de-la-IA-que-esta-pasando-en-EE.-UU.-Europa-y-LATAM.png","width":1280,"height":720},{"@type":"BreadcrumbList","@id":"https:\/\/www.flane.com.pa\/blog\/es\/regulacion-de-la-ia-que-esta-pasando-en-ee-uu-europa-y-latam\/#breadcrumb","itemListElement":[{"@type":"ListItem","position":1,"name":"Home","item":"https:\/\/www.flane.com.pa\/blog\/es\/"},{"@type":"ListItem","position":2,"name":"Regulaci\u00f3n de la IA: qu\u00e9 est\u00e1 pasando en EE. UU., Europa y LATAM"}]},{"@type":"WebSite","@id":"https:\/\/www.flane.com.pa\/blog\/#website","url":"https:\/\/www.flane.com.pa\/blog\/","name":"TechTalk powered by Fast Lane LATAM","description":"Sharing ideas and knowledge on IT training and certification","publisher":{"@id":"https:\/\/www.flane.com.pa\/blog\/#organization"},"potentialAction":[{"@type":"SearchAction","target":{"@type":"EntryPoint","urlTemplate":"https:\/\/www.flane.com.pa\/blog\/?s={search_term_string}"},"query-input":{"@type":"PropertyValueSpecification","valueRequired":true,"valueName":"search_term_string"}}],"inLanguage":"pt-BR"},{"@type":"Organization","@id":"https:\/\/www.flane.com.pa\/blog\/#organization","name":"Fast Lane Brasil","url":"https:\/\/www.flane.com.pa\/blog\/","logo":{"@type":"ImageObject","inLanguage":"pt-BR","@id":"https:\/\/www.flane.com.pa\/blog\/#\/schema\/logo\/image\/","url":"https:\/\/www.flane.com.pa\/blog\/wp-content\/uploads\/2019\/10\/fast-lane-ng3.png","contentUrl":"https:\/\/www.flane.com.pa\/blog\/wp-content\/uploads\/2019\/10\/fast-lane-ng3.png","width":209,"height":31,"caption":"Fast Lane Brasil"},"image":{"@id":"https:\/\/www.flane.com.pa\/blog\/#\/schema\/logo\/image\/"},"sameAs":["https:\/\/www.facebook.com\/FastLane.br","https:\/\/x.com\/FastLaneBr","https:\/\/www.instagram.com\/fastlane.br\/","https:\/\/www.linkedin.com\/company\/fastlanebr"]},{"@type":"Person","@id":"https:\/\/www.flane.com.pa\/blog\/#\/schema\/person\/9ca04e8669e599937e2b1cb1089c15cf","name":"Mayra Toullier","image":{"@type":"ImageObject","inLanguage":"pt-BR","@id":"https:\/\/www.flane.com.pa\/blog\/#\/schema\/person\/image\/","url":"https:\/\/secure.gravatar.com\/avatar\/a8ebee7fc1ee72a241cd95e6bead6fa5a0e8ba2630ca552a5b9cfaa1cee2c6bb?s=96&d=mm&r=g","contentUrl":"https:\/\/secure.gravatar.com\/avatar\/a8ebee7fc1ee72a241cd95e6bead6fa5a0e8ba2630ca552a5b9cfaa1cee2c6bb?s=96&d=mm&r=g","caption":"Mayra Toullier"},"description":"Especialista en Marketing Digital y Administraci\u00f3n con experiencia en la planificaci\u00f3n y ejecuci\u00f3n de estrategias digitales para empresas de diversos sectores. Experta en gesti\u00f3n de redes sociales, an\u00e1lisis de resultados, gesti\u00f3n de eventos y creaci\u00f3n de contenido. Capaz de liderar proyectos que incrementen la interacci\u00f3n y ventas digitales, con una formaci\u00f3n constante y orientada a resultados.","sameAs":["www.linkedin.com\/in\/mayratoullier"],"url":"https:\/\/www.flane.com.pa\/blog\/author\/mayra-toullier\/"}]}},"_links":{"self":[{"href":"https:\/\/www.flane.com.pa\/blog\/wp-json\/wp\/v2\/posts\/12208","targetHints":{"allow":["GET"]}}],"collection":[{"href":"https:\/\/www.flane.com.pa\/blog\/wp-json\/wp\/v2\/posts"}],"about":[{"href":"https:\/\/www.flane.com.pa\/blog\/wp-json\/wp\/v2\/types\/post"}],"author":[{"embeddable":true,"href":"https:\/\/www.flane.com.pa\/blog\/wp-json\/wp\/v2\/users\/11"}],"replies":[{"embeddable":true,"href":"https:\/\/www.flane.com.pa\/blog\/wp-json\/wp\/v2\/comments?post=12208"}],"version-history":[{"count":3,"href":"https:\/\/www.flane.com.pa\/blog\/wp-json\/wp\/v2\/posts\/12208\/revisions"}],"predecessor-version":[{"id":12212,"href":"https:\/\/www.flane.com.pa\/blog\/wp-json\/wp\/v2\/posts\/12208\/revisions\/12212"}],"wp:featuredmedia":[{"embeddable":true,"href":"https:\/\/www.flane.com.pa\/blog\/wp-json\/wp\/v2\/media\/12209"}],"wp:attachment":[{"href":"https:\/\/www.flane.com.pa\/blog\/wp-json\/wp\/v2\/media?parent=12208"}],"wp:term":[{"taxonomy":"category","embeddable":true,"href":"https:\/\/www.flane.com.pa\/blog\/wp-json\/wp\/v2\/categories?post=12208"},{"taxonomy":"post_tag","embeddable":true,"href":"https:\/\/www.flane.com.pa\/blog\/wp-json\/wp\/v2\/tags?post=12208"}],"curies":[{"name":"wp","href":"https:\/\/api.w.org\/{rel}","templated":true}]}}