{"id":12466,"date":"2026-09-02T11:29:35","date_gmt":"2026-09-02T14:29:35","guid":{"rendered":"https:\/\/www.flane.com.pa\/blog\/?p=12466"},"modified":"2026-09-02T11:29:35","modified_gmt":"2026-09-02T14:29:35","slug":"inteligencia-artificial-espana-empresas","status":"publish","type":"post","link":"https:\/\/www.flane.com.pa\/blog\/es\/inteligencia-artificial-espana-empresas\/","title":{"rendered":"La IA ya est\u00e1 presente en 1 de cada 5 empresas espa\u00f1olas con 10 o m\u00e1s empleados. El pr\u00f3ximo reto es convertir su uso en resultados"},"content":{"rendered":"<section class=\"l-section wpb_row height_small\"><div class=\"l-section-h i-cf\"><div class=\"g-cols vc_row via_flex valign_top type_default stacking_default\"><div class=\"vc_col-sm-12 wpb_column vc_column_container\"><div class=\"vc_column-inner\"><div class=\"wpb_wrapper\"><div class=\"wpb_text_column\"><div class=\"wpb_wrapper\"><p class=\"isSelectedEnd\">La inteligencia artificial ya es utilizada por el 21,1 % de las empresas espa\u00f1olas con 10 o m\u00e1s empleados. En el primer trimestre de 2025, su adopci\u00f3n aument\u00f3 8,7 puntos porcentuales respecto al a\u00f1o anterior, seg\u00fan el <a href=\"https:\/\/www.ine.es\/dyngs\/Prensa\/ETICCE20241T2025.htm\">Instituto Nacional de Estad\u00edstica de Espa\u00f1a (INE)<\/a>.<\/p>\n<p class=\"isSelectedEnd\">Este crecimiento sit\u00faa a la inteligencia artificial en Espa\u00f1a en una nueva etapa. A medida que m\u00e1s empresas incorporan estas tecnolog\u00edas, el reto deja de centrarse \u00fanicamente en la experimentaci\u00f3n y pasa a incluir la integraci\u00f3n con datos, infraestructura, seguridad, gobernanza y la capacidad t\u00e9cnica de los equipos.<\/p>\n<p>El Informe de la <a href=\"https:\/\/digital-strategy.ec.europa.eu\/en\/factpages\/spains-2026-digital-decade-country-report\">D\u00e9cada Digital 2026 de la Comisi\u00f3n Europea<\/a> refuerza este escenario. Espa\u00f1a cuenta con una infraestructura de conectividad avanzada, buenos indicadores de competencias digitales b\u00e1sicas y servicios p\u00fablicos digitales desarrollados, pero todav\u00eda tiene margen para ampliar la adopci\u00f3n de tecnolog\u00edas avanzadas por parte del tejido empresarial.<\/p>\n<\/div><\/div><div class=\"g-cols wpb_row via_flex valign_top type_default stacking_default\"><div class=\"vc_col-sm-12 wpb_column vc_column_container\"><div class=\"vc_column-inner\"><div class=\"wpb_wrapper\"><div class=\"w-separator size_medium\"><\/div><div class=\"wpb_text_column\"><div class=\"wpb_wrapper\"><ul>\n<li>\n<h4><strong><a href=\"https:\/\/www.flane.com.pa\/partificial-intelligence\" target=\"_blank\" rel=\"noopener\">Fast Lane ofrece entrenamientos en Inteligencia Artificial y Machine Learning de los principales fabricantes.<\/a><\/strong><\/h4>\n<\/li>\n<li>\n<h4><a href=\"https:\/\/www.flane.com.pa\/blog\/es\/newsletter\/\" target=\"_blank\" rel=\"noopener\">Suscr\u00edbete al newsletter TechTalk y mantente informado de todo.<\/a><\/h4>\n<\/li>\n<\/ul>\n<\/div><\/div><div class=\"w-separator size_medium\"><\/div><\/div><\/div><\/div><\/div><div class=\"wpb_text_column\"><div class=\"wpb_wrapper\"><h2><span>La adopci\u00f3n de IA se aceler\u00f3 en solo un a\u00f1o<\/span><\/h2>\n<p class=\"isSelectedEnd\"><span>Los datos del INE muestran un cambio relevante en la velocidad de adopci\u00f3n.<\/span><\/p>\n<p class=\"isSelectedEnd\"><span>En el primer trimestre de 2025, el <\/span><strong><span>21,1 % de las empresas con 10 o m\u00e1s empleados<\/span><\/strong><span> declar\u00f3 utilizar tecnolog\u00edas de inteligencia artificial. En el mismo periodo de 2024, este porcentaje era del 12,4 %.<\/span><\/p>\n<p class=\"isSelectedEnd\"><span>Las diferencias entre sectores siguen siendo significativas:<\/span><\/p>\n<ul data-spread=\"false\">\n<li><span>servicios: <\/span><strong><span>25,7 %<\/span><\/strong><span>;<\/span><\/li>\n<li><span>industria: <\/span><strong><span>17,5 %<\/span><\/strong><span>;<\/span><\/li>\n<li><span>construcci\u00f3n: <\/span><strong><span>11,4 %<\/span><\/strong><span>.<\/span><\/li>\n<\/ul>\n<p class=\"isSelectedEnd\"><span>El sector servicios tambi\u00e9n lidera la contrataci\u00f3n de servicios de cloud computing de pago, utilizados por el <\/span><strong><span>48,7 % de las empresas<\/span><\/strong><span> del sector.<\/span><\/p>\n<p class=\"isSelectedEnd\"><span>Los datos muestran que la adopci\u00f3n de IA contin\u00faa avanzando a diferentes velocidades seg\u00fan el sector, especialmente en funci\u00f3n del nivel de digitalizaci\u00f3n, el uso de datos y la dependencia de sistemas tecnol\u00f3gicos de cada actividad.<\/span><\/p>\n<h2><span>La generaci\u00f3n de contenido est\u00e1 entre los principales usos de la IA<\/span><\/h2>\n<p class=\"isSelectedEnd\"><span>La generaci\u00f3n de contenido ya destaca entre las aplicaciones de inteligencia artificial adoptadas por las empresas.<\/span><\/p>\n<p class=\"isSelectedEnd\"><span>Entre las organizaciones con 10 o m\u00e1s empleados que utilizan IA, el <\/span><strong><span>53,87 % emplea esta tecnolog\u00eda para generar im\u00e1genes, v\u00eddeos, sonidos o audio<\/span><\/strong><span>.<\/span><\/p>\n<p class=\"isSelectedEnd\"><span>Otras aplicaciones tambi\u00e9n presentan una presencia relevante:<\/span><\/p>\n<ul data-spread=\"false\">\n<li><span>an\u00e1lisis del lenguaje escrito: <\/span><strong><span>49,55 %<\/span><\/strong><span>;<\/span><\/li>\n<li><span>reconocimiento o identificaci\u00f3n de objetos y personas en im\u00e1genes y v\u00eddeos: <\/span><strong><span>27,54 %<\/span><\/strong><span>.<\/span><\/li>\n<\/ul>\n<p class=\"isSelectedEnd\"><span>Los datos muestran que el uso empresarial de la IA abarca diferentes aplicaciones, desde recursos generativos hasta procesamiento del lenguaje y an\u00e1lisis de im\u00e1genes.<\/span><\/p>\n<p class=\"isSelectedEnd\"><span>Esto ampl\u00eda las posibilidades de aplicaci\u00f3n de la tecnolog\u00eda en actividades como la producci\u00f3n y el procesamiento de informaci\u00f3n, el an\u00e1lisis de documentos, la atenci\u00f3n al cliente y la automatizaci\u00f3n de tareas.<\/span><\/p>\n<p><span>Al mismo tiempo, cuanto mayor es el n\u00famero de aplicaciones disponibles, mayor es la necesidad de establecer criterios claros para su uso dentro de las organizaciones.<\/span><\/p>\n<\/div><\/div><div class=\"g-cols wpb_row via_flex valign_top type_default stacking_default\"><div class=\"vc_col-sm-12 wpb_column vc_column_container\"><div class=\"vc_column-inner\"><div class=\"wpb_wrapper\"><div class=\"w-separator size_medium\"><\/div><div class=\"wpb_text_column\"><div class=\"wpb_wrapper\"><ul>\n<li>\n<h4><strong><a href=\"https:\/\/www.flane.com.pa\/es\/cyber-security\" target=\"_blank\" rel=\"noopener\">Convi\u00e9rtete en un experto en Ciberseguridad con los entrenamientos y certificaciones que ofrece Fast Lane.\u00a0<\/a><\/strong><\/h4>\n<\/li>\n<li>\n<h4><a href=\"https:\/\/www.flane.com.pa\/blog\/es\/newsletter\/\" target=\"_blank\" rel=\"noopener\">Suscr\u00edbete al newsletter TechTalk y mantente informado de todo.<\/a><\/h4>\n<\/li>\n<\/ul>\n<\/div><\/div><div class=\"w-separator size_medium\"><\/div><\/div><\/div><\/div><\/div><div class=\"wpb_text_column\"><div class=\"wpb_wrapper\"><h2><span>Cloud sigue siendo una pieza importante de esta transformaci\u00f3n<\/span><\/h2>\n<p class=\"isSelectedEnd\"><span>El avance de la inteligencia artificial se produce en paralelo a la expansi\u00f3n de la infraestructura en la nube.<\/span><\/p>\n<p class=\"isSelectedEnd\"><span>Seg\u00fan el INE, el <\/span><strong><span>44,3 % de las empresas espa\u00f1olas con 10 o m\u00e1s empleados utilizaba servicios de cloud computing de pago<\/span><\/strong><span> en el primer trimestre de 2025, lo que supone un crecimiento de <\/span><strong><span>6,6 puntos porcentuales<\/span><\/strong><span> respecto al a\u00f1o anterior.<\/span><\/p>\n<p class=\"isSelectedEnd\"><span>A pesar de este avance, la Comisi\u00f3n Europea sigue identificando margen para aumentar la intensidad digital de las empresas espa\u00f1olas y ampliar la adopci\u00f3n de cloud.<\/span><\/p>\n<p class=\"isSelectedEnd\"><span>Esta evoluci\u00f3n es relevante para los proyectos de inteligencia artificial porque las aplicaciones empresariales necesitan integrar modelos, datos, infraestructura, sistemas y controles de seguridad.<\/span><\/p>\n<p class=\"isSelectedEnd\"><span>Para los responsables de tecnolog\u00eda, la conversaci\u00f3n sobre IA pasa, por tanto, por la arquitectura necesaria para llevar estas aplicaciones a producci\u00f3n, integrarlas en los entornos existentes y mantener su funcionamiento de forma consistente.<\/span><\/p>\n<\/div><\/div><div class=\"g-cols wpb_row via_flex valign_top type_default stacking_default\"><div class=\"vc_col-sm-12 wpb_column vc_column_container\"><div class=\"vc_column-inner\"><div class=\"wpb_wrapper\"><div class=\"w-separator size_medium\"><\/div><div class=\"wpb_text_column\"><div class=\"wpb_wrapper\"><ul>\n<li>\n<h4><strong><a href=\"https:\/\/www.flane.com.pa\/datacenter\" target=\"_blank\" rel=\"noopener\">\u00bfQuieres ser un experto en Centros de Datos? Consulta el portafolio de entrenamientos y certificaciones de Fast Lane.<br \/>\n<\/a><\/strong><\/h4>\n<\/li>\n<li>\n<h4><a href=\"https:\/\/www.flane.com.pa\/blog\/es\/newsletter\/\" target=\"_blank\" rel=\"noopener\">Suscr\u00edbete al newsletter TechTalk y mantente informado de todo.<\/a><\/h4>\n<\/li>\n<\/ul>\n<\/div><\/div><div class=\"w-separator size_medium\"><\/div><\/div><\/div><\/div><\/div><div class=\"wpb_text_column\"><div class=\"wpb_wrapper\"><h3>La gobernanza empieza a acompa\u00f1ar a la adopci\u00f3n<\/h3>\n<p class=\"isSelectedEnd\">A medida que la IA se incorpora a m\u00e1s procesos empresariales, cuestiones relacionadas con la privacidad, la seguridad, la precisi\u00f3n de la informaci\u00f3n y la gobernanza adquieren mayor relevancia.<\/p>\n<p class=\"isSelectedEnd\">Seg\u00fan los datos presentados en el contexto de la D\u00e9cada Digital 2026, el 79 % de los encuestados en Espa\u00f1a considera que el desarrollo de la inteligencia artificial debe regularse cuidadosamente para garantizar la seguridad.<\/p>\n<p class=\"isSelectedEnd\">Entre las principales preocupaciones relacionadas con la IA generativa se encuentran:<\/p>\n<ul data-spread=\"false\">\n<li>privacidad y protecci\u00f3n de datos: 44 %;<\/li>\n<li>posibles efectos sobre el empleo: 29 %;<\/li>\n<li>precisi\u00f3n e informaci\u00f3n incorrecta: 27 %.<\/li>\n<\/ul>\n<p class=\"isSelectedEnd\">Para las empresas, el crecimiento de la adopci\u00f3n exige definir pol\u00edticas de uso, responsabilidades, criterios de seguridad y controles adecuados al tipo de dato y de aplicaci\u00f3n.<\/p>\n<p class=\"isSelectedEnd\">Ampliar el acceso a estas herramientas sin establecer dichas directrices puede aumentar los riesgos relacionados con la exposici\u00f3n de informaci\u00f3n, el uso inadecuado de los datos y la baja fiabilidad de los resultados.<\/p>\n<h3>La disponibilidad de tecnolog\u00eda no elimina la necesidad de contar con profesionales preparados<\/h3>\n<p class=\"isSelectedEnd\">Otro de los retos identificados por la Comisi\u00f3n Europea est\u00e1 relacionado con la disponibilidad de especialistas en Tecnolog\u00edas de la Informaci\u00f3n y la Comunicaci\u00f3n (TIC).<\/p>\n<p class=\"isSelectedEnd\">Espa\u00f1a se encuentra entre los pa\u00edses europeos con buenos resultados en competencias digitales b\u00e1sicas y presenta un elevado n\u00famero de titulados en \u00e1reas relacionadas con las TIC. Aun as\u00ed, la proporci\u00f3n de estos especialistas en el mercado laboral sigue situ\u00e1ndose por debajo de la media de la Uni\u00f3n Europea.<\/p>\n<p class=\"isSelectedEnd\">Este escenario cobra mayor importancia a medida que las organizaciones avanzan desde usos puntuales de la IA hacia proyectos integrados en sus entornos tecnol\u00f3gicos.<\/p>\n<p class=\"isSelectedEnd\">Utilizar una herramienta de inteligencia artificial puede requerir pocos conocimientos t\u00e9cnicos. Llevar una aplicaci\u00f3n a producci\u00f3n implica otras competencias: integraci\u00f3n de sistemas, preparaci\u00f3n de datos, cloud, seguridad, gesti\u00f3n de identidades, control de accesos, automatizaci\u00f3n, monitorizaci\u00f3n y evaluaci\u00f3n de resultados.<\/p>\n<p>Para las empresas que quieren ampliar su nivel de adopci\u00f3n, desarrollar estas competencias pasa a formar parte de la propia estrategia tecnol\u00f3gica.<\/p>\n<\/div><\/div><div class=\"g-cols wpb_row via_flex valign_top type_default stacking_default\"><div class=\"vc_col-sm-12 wpb_column vc_column_container\"><div class=\"vc_column-inner\"><div class=\"wpb_wrapper\"><div class=\"w-separator size_medium\"><\/div><div class=\"wpb_text_column\"><div class=\"wpb_wrapper\"><ul>\n<li>\n<h4><strong><a href=\"https:\/\/www.flane.com.pa\/software-development\" target=\"_blank\" rel=\"noopener\">\u00bfQuieres aprender a desarrollar softwares? Fast Lane ofrece una cartera de entrenamientos y certificaciones l\u00edder en el mercado. Compru\u00e9balo aqu\u00ed.<\/a><\/strong><\/h4>\n<\/li>\n<li>\n<h4><a href=\"https:\/\/www.flane.com.pa\/blog\/es\/newsletter\/\" target=\"_blank\" rel=\"noopener\">Suscr\u00edbete al newsletter TechTalk y mantente informado de todo.<\/a><\/h4>\n<\/li>\n<\/ul>\n<\/div><\/div><div class=\"w-separator size_medium\"><\/div><\/div><\/div><\/div><\/div><div class=\"wpb_text_column\"><div class=\"wpb_wrapper\"><h3>El pr\u00f3ximo indicador no ser\u00e1 \u00fanicamente qui\u00e9n utiliza IA<\/h3>\n<p class=\"isSelectedEnd\">La adopci\u00f3n de inteligencia artificial en las empresas espa\u00f1olas ha avanzado r\u00e1pidamente. Sin embargo, la siguiente etapa probablemente se medir\u00e1 menos por el n\u00famero de organizaciones que utilizan alguna herramienta y m\u00e1s por su capacidad para convertir ese uso en procesos fiables, integrados y escalables.<\/p>\n<p class=\"isSelectedEnd\">Cloud, datos, seguridad, gobernanza, automatizaci\u00f3n y competencias t\u00e9cnicas pasan a formar parte de una misma decisi\u00f3n.<\/p>\n<p class=\"isSelectedEnd\">Para los responsables de TI, la cuesti\u00f3n deja de ser \u00fanicamente \u00ab\u00bfd\u00f3nde podemos utilizar IA?\u00bb y pasa a incluir otra evaluaci\u00f3n: \u00bfdispone la empresa de la infraestructura, los datos, los procesos y los profesionales necesarios para llevar estas aplicaciones a producci\u00f3n y generar resultados?<\/p>\n<h3>Conexi\u00f3n con Fast Lane<\/h3>\n<p class=\"isSelectedEnd\">En Fast Lane ayudamos a empresas y profesionales a desarrollar las competencias necesarias para acompa\u00f1ar esta evoluci\u00f3n tecnol\u00f3gica, conectando la formaci\u00f3n en inteligencia artificial, cloud, datos, seguridad y automatizaci\u00f3n con las necesidades reales de los equipos de TI.<\/p>\n<p>El desarrollo continuo de competencias t\u00e9cnicas permite a las organizaciones avanzar desde la adopci\u00f3n de nuevas herramientas hacia una aplicaci\u00f3n m\u00e1s estructurada de las tecnolog\u00edas que sustentan sus entornos, proyectos y procesos digitales.<\/p>\n<\/div><\/div><div class=\"g-cols wpb_row via_flex valign_top type_default stacking_default\"><div class=\"vc_col-sm-12 wpb_column vc_column_container\"><div class=\"vc_column-inner\"><div class=\"wpb_wrapper\"><div class=\"w-separator size_medium\"><\/div><div class=\"wpb_text_column\"><div class=\"wpb_wrapper\"><ul>\n<li>\n<h4><strong><a href=\"https:\/\/www.flane.com.pa\/cloud-training\" target=\"_blank\" rel=\"noopener\">\u00bfEntrenamientos oficiales y certificados de las principales nubes del mercado? Fast Lane tiene todo para ti y tu equipo.<\/a><\/strong><\/h4>\n<\/li>\n<li>\n<h4><a href=\"https:\/\/www.flane.com.pa\/blog\/es\/newsletter\/\" target=\"_blank\" rel=\"noopener\">Suscr\u00edbete al newsletter TechTalk y mantente informado de todo.<\/a><\/h4>\n<\/li>\n<\/ul>\n<\/div><\/div><div class=\"w-separator size_medium\"><\/div><\/div><\/div><\/div><\/div><div class=\"w-separator size_small with_line width_default thick_1 style_solid color_border align_center\"><div class=\"w-separator-h\"><\/div><\/div><div class=\"wpb_text_column\"><div class=\"wpb_wrapper\"><p><span>Fuentes editoriales:<\/span><\/p>\n<p><a href=\"https:\/\/www.ine.es\/dyngs\/Prensa\/ETICCE20241T2025.htm\"><strong><span>Instituto Nacional de Estad\u00edstica de Espa\u00f1a (INE)<\/span><\/strong><\/a><br \/>\n<em>Encuesta sobre el uso de TIC y del comercio electr\u00f3nico en las empresas 2024\u20132025.<\/em><\/p>\n<p><a href=\"https:\/\/digital-strategy.ec.europa.eu\/en\/factpages\/spains-2026-digital-decade-country-report\"><strong><span>Comisi\u00f3n Europea<\/span><\/strong><\/a><br \/>\n<em><span>Spain\u2019s 2026 Digital Decade Country Report.<\/span><\/em><span> Informe de la D\u00e9cada Digital 2026, con la p\u00e1gina de Espa\u00f1a actualizada en agosto de 2026.<\/span><\/p>\n<\/div><\/div><\/div><\/div><\/div><\/div><\/div><\/section>\n","protected":false},"excerpt":{"rendered":"La inteligencia artificial ya es utilizada por el 21,1 % de las empresas espa\u00f1olas con 10 o m\u00e1s empleados. En el primer trimestre de 2025, su adopci\u00f3n aument\u00f3 8,7 puntos porcentuales respecto al a\u00f1o anterior, seg\u00fan el Instituto Nacional de Estad\u00edstica de Espa\u00f1a (INE). Este crecimiento sit\u00faa a la inteligencia artificial en Espa\u00f1a en una...","protected":false},"author":2,"featured_media":12467,"comment_status":"open","ping_status":"open","sticky":false,"template":"","format":"standard","meta":{"_acf_changed":false,"footnotes":""},"categories":[1805],"tags":[469,391,6197,189,6195,6193,2890,148,58,421],"class_list":["post-12466","post","type-post","status-publish","format-standard","has-post-thumbnail","hentry","category-ai","tag-automatizacion","tag-cloud-computing","tag-competencias-digitales","tag-datos","tag-empresas-espanolas","tag-ia-en-espana","tag-ia-generativa","tag-inteligencia-artificial","tag-tecnologia","tag-transformacion-digital"],"acf":[],"yoast_head":"<!-- This site is optimized with the Yoast SEO plugin v28.0 - https:\/\/yoast.com\/product\/yoast-seo-wordpress\/ -->\n<title>Inteligencia artificial en Espa\u00f1a: crece la adopci\u00f3n<\/title>\n<meta name=\"description\" content=\"La adopci\u00f3n de IA crece en las empresas espa\u00f1olas, mientras que cloud, gobernanza y profesionales especializados ganan importancia en la transformaci\u00f3n digital.\" \/>\n<meta name=\"robots\" content=\"index, follow, max-snippet:-1, max-image-preview:large, max-video-preview:-1\" \/>\n<link rel=\"canonical\" href=\"https:\/\/www.flane.com.pa\/blog\/es\/inteligencia-artificial-espana-empresas\/\" \/>\n<meta property=\"og:locale\" content=\"pt_BR\" \/>\n<meta property=\"og:type\" content=\"article\" \/>\n<meta property=\"og:title\" content=\"Inteligencia artificial en Espa\u00f1a: crece la adopci\u00f3n\" \/>\n<meta property=\"og:description\" content=\"La adopci\u00f3n de IA crece en las empresas espa\u00f1olas, mientras que cloud, gobernanza y profesionales especializados ganan importancia en la transformaci\u00f3n digital.\" \/>\n<meta property=\"og:url\" content=\"https:\/\/www.flane.com.pa\/blog\/es\/inteligencia-artificial-espana-empresas\/\" \/>\n<meta property=\"og:site_name\" content=\"TechTalk powered by Fast Lane LATAM\" \/>\n<meta property=\"article:publisher\" content=\"https:\/\/www.facebook.com\/FastLane.br\" \/>\n<meta property=\"article:published_time\" content=\"2026-09-02T14:29:35+00:00\" \/>\n<meta property=\"og:image\" content=\"https:\/\/www.flane.com.pa\/blog\/wp-content\/uploads\/2026\/08\/La-IA-ya-esta-presente-en-1-de-cada-5-empresas-espanolas-con-10-o-mas-empleados.-El-proximo-reto-es-convertir-su-uso-en-resultados.jpg\" \/>\n\t<meta property=\"og:image:width\" content=\"1280\" \/>\n\t<meta property=\"og:image:height\" content=\"720\" \/>\n\t<meta property=\"og:image:type\" content=\"image\/jpeg\" \/>\n<meta name=\"author\" content=\"Fast Lane TechTalk\" \/>\n<meta name=\"twitter:card\" content=\"summary_large_image\" \/>\n<meta name=\"twitter:creator\" content=\"@FastLaneBr\" \/>\n<meta name=\"twitter:site\" content=\"@FastLaneBr\" \/>\n<meta name=\"twitter:label1\" content=\"Escrito por\" \/>\n\t<meta name=\"twitter:data1\" content=\"Fast Lane TechTalk\" \/>\n\t<meta name=\"twitter:label2\" content=\"Est. tempo de leitura\" \/>\n\t<meta name=\"twitter:data2\" content=\"8 minutos\" \/>\n<script type=\"application\/ld+json\" class=\"yoast-schema-graph\">{\"@context\":\"https:\\\/\\\/schema.org\",\"@graph\":[{\"@type\":\"Article\",\"@id\":\"https:\\\/\\\/www.flane.com.pa\\\/blog\\\/es\\\/inteligencia-artificial-espana-empresas\\\/#article\",\"isPartOf\":{\"@id\":\"https:\\\/\\\/www.flane.com.pa\\\/blog\\\/es\\\/inteligencia-artificial-espana-empresas\\\/\"},\"author\":{\"name\":\"Fast Lane TechTalk\",\"@id\":\"https:\\\/\\\/www.flane.com.pa\\\/blog\\\/#\\\/schema\\\/person\\\/61993dd05b6199ccdb547e2504fae2aa\"},\"headline\":\"La IA ya est\u00e1 presente en 1 de cada 5 empresas espa\u00f1olas con 10 o m\u00e1s empleados. El pr\u00f3ximo reto es convertir su uso en resultados\",\"datePublished\":\"2026-09-02T14:29:35+00:00\",\"mainEntityOfPage\":{\"@id\":\"https:\\\/\\\/www.flane.com.pa\\\/blog\\\/es\\\/inteligencia-artificial-espana-empresas\\\/\"},\"wordCount\":1582,\"commentCount\":0,\"publisher\":{\"@id\":\"https:\\\/\\\/www.flane.com.pa\\\/blog\\\/#organization\"},\"image\":{\"@id\":\"https:\\\/\\\/www.flane.com.pa\\\/blog\\\/es\\\/inteligencia-artificial-espana-empresas\\\/#primaryimage\"},\"thumbnailUrl\":\"https:\\\/\\\/www.flane.com.pa\\\/blog\\\/wp-content\\\/uploads\\\/2026\\\/08\\\/La-IA-ya-esta-presente-en-1-de-cada-5-empresas-espanolas-con-10-o-mas-empleados.-El-proximo-reto-es-convertir-su-uso-en-resultados.jpg\",\"keywords\":[\"automatizaci\u00f3n\",\"cloud computing\",\"competencias digitales\",\"Datos\",\"empresas espa\u00f1olas\",\"IA en Espa\u00f1a\",\"IA Generativa\",\"Intelig\u00eancia Artificial\",\"Tecnologia\",\"Transformaci\u00f3n digital\"],\"articleSection\":[\"Artificial Intelligence\"],\"inLanguage\":\"pt-BR\",\"potentialAction\":[{\"@type\":\"CommentAction\",\"name\":\"Comment\",\"target\":[\"https:\\\/\\\/www.flane.com.pa\\\/blog\\\/es\\\/inteligencia-artificial-espana-empresas\\\/#respond\"]}]},{\"@type\":\"WebPage\",\"@id\":\"https:\\\/\\\/www.flane.com.pa\\\/blog\\\/es\\\/inteligencia-artificial-espana-empresas\\\/\",\"url\":\"https:\\\/\\\/www.flane.com.pa\\\/blog\\\/es\\\/inteligencia-artificial-espana-empresas\\\/\",\"name\":\"Inteligencia artificial en Espa\u00f1a: crece la adopci\u00f3n\",\"isPartOf\":{\"@id\":\"https:\\\/\\\/www.flane.com.pa\\\/blog\\\/#website\"},\"primaryImageOfPage\":{\"@id\":\"https:\\\/\\\/www.flane.com.pa\\\/blog\\\/es\\\/inteligencia-artificial-espana-empresas\\\/#primaryimage\"},\"image\":{\"@id\":\"https:\\\/\\\/www.flane.com.pa\\\/blog\\\/es\\\/inteligencia-artificial-espana-empresas\\\/#primaryimage\"},\"thumbnailUrl\":\"https:\\\/\\\/www.flane.com.pa\\\/blog\\\/wp-content\\\/uploads\\\/2026\\\/08\\\/La-IA-ya-esta-presente-en-1-de-cada-5-empresas-espanolas-con-10-o-mas-empleados.-El-proximo-reto-es-convertir-su-uso-en-resultados.jpg\",\"datePublished\":\"2026-09-02T14:29:35+00:00\",\"description\":\"La adopci\u00f3n de IA crece en las empresas espa\u00f1olas, mientras que cloud, gobernanza y profesionales especializados ganan importancia en la transformaci\u00f3n digital.\",\"breadcrumb\":{\"@id\":\"https:\\\/\\\/www.flane.com.pa\\\/blog\\\/es\\\/inteligencia-artificial-espana-empresas\\\/#breadcrumb\"},\"inLanguage\":\"pt-BR\",\"potentialAction\":[{\"@type\":\"ReadAction\",\"target\":[\"https:\\\/\\\/www.flane.com.pa\\\/blog\\\/es\\\/inteligencia-artificial-espana-empresas\\\/\"]}]},{\"@type\":\"ImageObject\",\"inLanguage\":\"pt-BR\",\"@id\":\"https:\\\/\\\/www.flane.com.pa\\\/blog\\\/es\\\/inteligencia-artificial-espana-empresas\\\/#primaryimage\",\"url\":\"https:\\\/\\\/www.flane.com.pa\\\/blog\\\/wp-content\\\/uploads\\\/2026\\\/08\\\/La-IA-ya-esta-presente-en-1-de-cada-5-empresas-espanolas-con-10-o-mas-empleados.-El-proximo-reto-es-convertir-su-uso-en-resultados.jpg\",\"contentUrl\":\"https:\\\/\\\/www.flane.com.pa\\\/blog\\\/wp-content\\\/uploads\\\/2026\\\/08\\\/La-IA-ya-esta-presente-en-1-de-cada-5-empresas-espanolas-con-10-o-mas-empleados.-El-proximo-reto-es-convertir-su-uso-en-resultados.jpg\",\"width\":1280,\"height\":720,\"caption\":\"Mapa digital de Espa\u00f1a conectado por nodos de datos en una oficina tecnol\u00f3gica, con profesionales analizando informaci\u00f3n y elementos visuales de inteligencia artificial, cloud, ciberseguridad y automatizaci\u00f3n.\"},{\"@type\":\"BreadcrumbList\",\"@id\":\"https:\\\/\\\/www.flane.com.pa\\\/blog\\\/es\\\/inteligencia-artificial-espana-empresas\\\/#breadcrumb\",\"itemListElement\":[{\"@type\":\"ListItem\",\"position\":1,\"name\":\"Home\",\"item\":\"https:\\\/\\\/www.flane.com.pa\\\/blog\\\/es\\\/\"},{\"@type\":\"ListItem\",\"position\":2,\"name\":\"La IA ya est\u00e1 presente en 1 de cada 5 empresas espa\u00f1olas con 10 o m\u00e1s empleados. El pr\u00f3ximo reto es convertir su uso en resultados\"}]},{\"@type\":\"WebSite\",\"@id\":\"https:\\\/\\\/www.flane.com.pa\\\/blog\\\/#website\",\"url\":\"https:\\\/\\\/www.flane.com.pa\\\/blog\\\/\",\"name\":\"TechTalk powered by Fast Lane LATAM\",\"description\":\"Sharing ideas and knowledge on IT training and certification\",\"publisher\":{\"@id\":\"https:\\\/\\\/www.flane.com.pa\\\/blog\\\/#organization\"},\"potentialAction\":[{\"@type\":\"SearchAction\",\"target\":{\"@type\":\"EntryPoint\",\"urlTemplate\":\"https:\\\/\\\/www.flane.com.pa\\\/blog\\\/?s={search_term_string}\"},\"query-input\":{\"@type\":\"PropertyValueSpecification\",\"valueRequired\":true,\"valueName\":\"search_term_string\"}}],\"inLanguage\":\"pt-BR\"},{\"@type\":\"Organization\",\"@id\":\"https:\\\/\\\/www.flane.com.pa\\\/blog\\\/#organization\",\"name\":\"Fast Lane Brasil\",\"url\":\"https:\\\/\\\/www.flane.com.pa\\\/blog\\\/\",\"logo\":{\"@type\":\"ImageObject\",\"inLanguage\":\"pt-BR\",\"@id\":\"https:\\\/\\\/www.flane.com.pa\\\/blog\\\/#\\\/schema\\\/logo\\\/image\\\/\",\"url\":\"https:\\\/\\\/www.flane.com.pa\\\/blog\\\/wp-content\\\/uploads\\\/2019\\\/10\\\/fast-lane-ng3.png\",\"contentUrl\":\"https:\\\/\\\/www.flane.com.pa\\\/blog\\\/wp-content\\\/uploads\\\/2019\\\/10\\\/fast-lane-ng3.png\",\"width\":209,\"height\":31,\"caption\":\"Fast Lane Brasil\"},\"image\":{\"@id\":\"https:\\\/\\\/www.flane.com.pa\\\/blog\\\/#\\\/schema\\\/logo\\\/image\\\/\"},\"sameAs\":[\"https:\\\/\\\/www.facebook.com\\\/FastLane.br\",\"https:\\\/\\\/x.com\\\/FastLaneBr\",\"https:\\\/\\\/www.instagram.com\\\/fastlane.br\\\/\",\"https:\\\/\\\/www.linkedin.com\\\/company\\\/fastlanebr\"]},{\"@type\":\"Person\",\"@id\":\"https:\\\/\\\/www.flane.com.pa\\\/blog\\\/#\\\/schema\\\/person\\\/61993dd05b6199ccdb547e2504fae2aa\",\"name\":\"Fast Lane TechTalk\",\"image\":{\"@type\":\"ImageObject\",\"inLanguage\":\"pt-BR\",\"@id\":\"https:\\\/\\\/secure.gravatar.com\\\/avatar\\\/9943f25452073eb03e55f0e7e5c63ade3c1f051b706e0afa24bb9800c46ea9ce?s=96&d=mm&r=g\",\"url\":\"https:\\\/\\\/secure.gravatar.com\\\/avatar\\\/9943f25452073eb03e55f0e7e5c63ade3c1f051b706e0afa24bb9800c46ea9ce?s=96&d=mm&r=g\",\"contentUrl\":\"https:\\\/\\\/secure.gravatar.com\\\/avatar\\\/9943f25452073eb03e55f0e7e5c63ade3c1f051b706e0afa24bb9800c46ea9ce?s=96&d=mm&r=g\",\"caption\":\"Fast Lane TechTalk\"},\"sameAs\":[\"http:\\\/\\\/www.flane.com.pa\"],\"url\":\"https:\\\/\\\/www.flane.com.pa\\\/blog\\\/author\\\/admin\\\/\"}]}<\/script>\n<!-- \/ Yoast SEO plugin. -->","yoast_head_json":{"title":"Inteligencia artificial en Espa\u00f1a: crece la adopci\u00f3n","description":"La adopci\u00f3n de IA crece en las empresas espa\u00f1olas, mientras que cloud, gobernanza y profesionales especializados ganan importancia en la transformaci\u00f3n digital.","robots":{"index":"index","follow":"follow","max-snippet":"max-snippet:-1","max-image-preview":"max-image-preview:large","max-video-preview":"max-video-preview:-1"},"canonical":"https:\/\/www.flane.com.pa\/blog\/es\/inteligencia-artificial-espana-empresas\/","og_locale":"pt_BR","og_type":"article","og_title":"Inteligencia artificial en Espa\u00f1a: crece la adopci\u00f3n","og_description":"La adopci\u00f3n de IA crece en las empresas espa\u00f1olas, mientras que cloud, gobernanza y profesionales especializados ganan importancia en la transformaci\u00f3n digital.","og_url":"https:\/\/www.flane.com.pa\/blog\/es\/inteligencia-artificial-espana-empresas\/","og_site_name":"TechTalk powered by Fast Lane LATAM","article_publisher":"https:\/\/www.facebook.com\/FastLane.br","article_published_time":"2026-09-02T14:29:35+00:00","og_image":[{"width":1280,"height":720,"url":"https:\/\/www.flane.com.pa\/blog\/wp-content\/uploads\/2026\/08\/La-IA-ya-esta-presente-en-1-de-cada-5-empresas-espanolas-con-10-o-mas-empleados.-El-proximo-reto-es-convertir-su-uso-en-resultados.jpg","type":"image\/jpeg"}],"author":"Fast Lane TechTalk","twitter_card":"summary_large_image","twitter_creator":"@FastLaneBr","twitter_site":"@FastLaneBr","twitter_misc":{"Escrito por":"Fast Lane TechTalk","Est. tempo de leitura":"8 minutos"},"schema":{"@context":"https:\/\/schema.org","@graph":[{"@type":"Article","@id":"https:\/\/www.flane.com.pa\/blog\/es\/inteligencia-artificial-espana-empresas\/#article","isPartOf":{"@id":"https:\/\/www.flane.com.pa\/blog\/es\/inteligencia-artificial-espana-empresas\/"},"author":{"name":"Fast Lane TechTalk","@id":"https:\/\/www.flane.com.pa\/blog\/#\/schema\/person\/61993dd05b6199ccdb547e2504fae2aa"},"headline":"La IA ya est\u00e1 presente en 1 de cada 5 empresas espa\u00f1olas con 10 o m\u00e1s empleados. El pr\u00f3ximo reto es convertir su uso en resultados","datePublished":"2026-09-02T14:29:35+00:00","mainEntityOfPage":{"@id":"https:\/\/www.flane.com.pa\/blog\/es\/inteligencia-artificial-espana-empresas\/"},"wordCount":1582,"commentCount":0,"publisher":{"@id":"https:\/\/www.flane.com.pa\/blog\/#organization"},"image":{"@id":"https:\/\/www.flane.com.pa\/blog\/es\/inteligencia-artificial-espana-empresas\/#primaryimage"},"thumbnailUrl":"https:\/\/www.flane.com.pa\/blog\/wp-content\/uploads\/2026\/08\/La-IA-ya-esta-presente-en-1-de-cada-5-empresas-espanolas-con-10-o-mas-empleados.-El-proximo-reto-es-convertir-su-uso-en-resultados.jpg","keywords":["automatizaci\u00f3n","cloud computing","competencias digitales","Datos","empresas espa\u00f1olas","IA en Espa\u00f1a","IA Generativa","Intelig\u00eancia Artificial","Tecnologia","Transformaci\u00f3n digital"],"articleSection":["Artificial Intelligence"],"inLanguage":"pt-BR","potentialAction":[{"@type":"CommentAction","name":"Comment","target":["https:\/\/www.flane.com.pa\/blog\/es\/inteligencia-artificial-espana-empresas\/#respond"]}]},{"@type":"WebPage","@id":"https:\/\/www.flane.com.pa\/blog\/es\/inteligencia-artificial-espana-empresas\/","url":"https:\/\/www.flane.com.pa\/blog\/es\/inteligencia-artificial-espana-empresas\/","name":"Inteligencia artificial en Espa\u00f1a: crece la adopci\u00f3n","isPartOf":{"@id":"https:\/\/www.flane.com.pa\/blog\/#website"},"primaryImageOfPage":{"@id":"https:\/\/www.flane.com.pa\/blog\/es\/inteligencia-artificial-espana-empresas\/#primaryimage"},"image":{"@id":"https:\/\/www.flane.com.pa\/blog\/es\/inteligencia-artificial-espana-empresas\/#primaryimage"},"thumbnailUrl":"https:\/\/www.flane.com.pa\/blog\/wp-content\/uploads\/2026\/08\/La-IA-ya-esta-presente-en-1-de-cada-5-empresas-espanolas-con-10-o-mas-empleados.-El-proximo-reto-es-convertir-su-uso-en-resultados.jpg","datePublished":"2026-09-02T14:29:35+00:00","description":"La adopci\u00f3n de IA crece en las empresas espa\u00f1olas, mientras que cloud, gobernanza y profesionales especializados ganan importancia en la transformaci\u00f3n digital.","breadcrumb":{"@id":"https:\/\/www.flane.com.pa\/blog\/es\/inteligencia-artificial-espana-empresas\/#breadcrumb"},"inLanguage":"pt-BR","potentialAction":[{"@type":"ReadAction","target":["https:\/\/www.flane.com.pa\/blog\/es\/inteligencia-artificial-espana-empresas\/"]}]},{"@type":"ImageObject","inLanguage":"pt-BR","@id":"https:\/\/www.flane.com.pa\/blog\/es\/inteligencia-artificial-espana-empresas\/#primaryimage","url":"https:\/\/www.flane.com.pa\/blog\/wp-content\/uploads\/2026\/08\/La-IA-ya-esta-presente-en-1-de-cada-5-empresas-espanolas-con-10-o-mas-empleados.-El-proximo-reto-es-convertir-su-uso-en-resultados.jpg","contentUrl":"https:\/\/www.flane.com.pa\/blog\/wp-content\/uploads\/2026\/08\/La-IA-ya-esta-presente-en-1-de-cada-5-empresas-espanolas-con-10-o-mas-empleados.-El-proximo-reto-es-convertir-su-uso-en-resultados.jpg","width":1280,"height":720,"caption":"Mapa digital de Espa\u00f1a conectado por nodos de datos en una oficina tecnol\u00f3gica, con profesionales analizando informaci\u00f3n y elementos visuales de inteligencia artificial, cloud, ciberseguridad y automatizaci\u00f3n."},{"@type":"BreadcrumbList","@id":"https:\/\/www.flane.com.pa\/blog\/es\/inteligencia-artificial-espana-empresas\/#breadcrumb","itemListElement":[{"@type":"ListItem","position":1,"name":"Home","item":"https:\/\/www.flane.com.pa\/blog\/es\/"},{"@type":"ListItem","position":2,"name":"La IA ya est\u00e1 presente en 1 de cada 5 empresas espa\u00f1olas con 10 o m\u00e1s empleados. El pr\u00f3ximo reto es convertir su uso en resultados"}]},{"@type":"WebSite","@id":"https:\/\/www.flane.com.pa\/blog\/#website","url":"https:\/\/www.flane.com.pa\/blog\/","name":"TechTalk powered by Fast Lane LATAM","description":"Sharing ideas and knowledge on IT training and certification","publisher":{"@id":"https:\/\/www.flane.com.pa\/blog\/#organization"},"potentialAction":[{"@type":"SearchAction","target":{"@type":"EntryPoint","urlTemplate":"https:\/\/www.flane.com.pa\/blog\/?s={search_term_string}"},"query-input":{"@type":"PropertyValueSpecification","valueRequired":true,"valueName":"search_term_string"}}],"inLanguage":"pt-BR"},{"@type":"Organization","@id":"https:\/\/www.flane.com.pa\/blog\/#organization","name":"Fast Lane Brasil","url":"https:\/\/www.flane.com.pa\/blog\/","logo":{"@type":"ImageObject","inLanguage":"pt-BR","@id":"https:\/\/www.flane.com.pa\/blog\/#\/schema\/logo\/image\/","url":"https:\/\/www.flane.com.pa\/blog\/wp-content\/uploads\/2019\/10\/fast-lane-ng3.png","contentUrl":"https:\/\/www.flane.com.pa\/blog\/wp-content\/uploads\/2019\/10\/fast-lane-ng3.png","width":209,"height":31,"caption":"Fast Lane Brasil"},"image":{"@id":"https:\/\/www.flane.com.pa\/blog\/#\/schema\/logo\/image\/"},"sameAs":["https:\/\/www.facebook.com\/FastLane.br","https:\/\/x.com\/FastLaneBr","https:\/\/www.instagram.com\/fastlane.br\/","https:\/\/www.linkedin.com\/company\/fastlanebr"]},{"@type":"Person","@id":"https:\/\/www.flane.com.pa\/blog\/#\/schema\/person\/61993dd05b6199ccdb547e2504fae2aa","name":"Fast Lane TechTalk","image":{"@type":"ImageObject","inLanguage":"pt-BR","@id":"https:\/\/secure.gravatar.com\/avatar\/9943f25452073eb03e55f0e7e5c63ade3c1f051b706e0afa24bb9800c46ea9ce?s=96&d=mm&r=g","url":"https:\/\/secure.gravatar.com\/avatar\/9943f25452073eb03e55f0e7e5c63ade3c1f051b706e0afa24bb9800c46ea9ce?s=96&d=mm&r=g","contentUrl":"https:\/\/secure.gravatar.com\/avatar\/9943f25452073eb03e55f0e7e5c63ade3c1f051b706e0afa24bb9800c46ea9ce?s=96&d=mm&r=g","caption":"Fast Lane TechTalk"},"sameAs":["http:\/\/www.flane.com.pa"],"url":"https:\/\/www.flane.com.pa\/blog\/author\/admin\/"}]}},"_links":{"self":[{"href":"https:\/\/www.flane.com.pa\/blog\/wp-json\/wp\/v2\/posts\/12466","targetHints":{"allow":["GET"]}}],"collection":[{"href":"https:\/\/www.flane.com.pa\/blog\/wp-json\/wp\/v2\/posts"}],"about":[{"href":"https:\/\/www.flane.com.pa\/blog\/wp-json\/wp\/v2\/types\/post"}],"author":[{"embeddable":true,"href":"https:\/\/www.flane.com.pa\/blog\/wp-json\/wp\/v2\/users\/2"}],"replies":[{"embeddable":true,"href":"https:\/\/www.flane.com.pa\/blog\/wp-json\/wp\/v2\/comments?post=12466"}],"version-history":[{"count":1,"href":"https:\/\/www.flane.com.pa\/blog\/wp-json\/wp\/v2\/posts\/12466\/revisions"}],"predecessor-version":[{"id":12468,"href":"https:\/\/www.flane.com.pa\/blog\/wp-json\/wp\/v2\/posts\/12466\/revisions\/12468"}],"wp:featuredmedia":[{"embeddable":true,"href":"https:\/\/www.flane.com.pa\/blog\/wp-json\/wp\/v2\/media\/12467"}],"wp:attachment":[{"href":"https:\/\/www.flane.com.pa\/blog\/wp-json\/wp\/v2\/media?parent=12466"}],"wp:term":[{"taxonomy":"category","embeddable":true,"href":"https:\/\/www.flane.com.pa\/blog\/wp-json\/wp\/v2\/categories?post=12466"},{"taxonomy":"post_tag","embeddable":true,"href":"https:\/\/www.flane.com.pa\/blog\/wp-json\/wp\/v2\/tags?post=12466"}],"curies":[{"name":"wp","href":"https:\/\/api.w.org\/{rel}","templated":true}]}}