{"id":9869,"date":"2024-08-26T22:41:37","date_gmt":"2024-08-27T01:41:37","guid":{"rendered":"https:\/\/www.flane.com.pa\/blog\/?p=9869"},"modified":"2024-09-23T10:27:36","modified_gmt":"2024-09-23T13:27:36","slug":"como-evitar-erros-comuns-na-adocao-de-ia-um-guia-pratico","status":"publish","type":"post","link":"https:\/\/www.flane.com.pa\/blog\/pt\/como-evitar-erros-comuns-na-adocao-de-ia-um-guia-pratico\/","title":{"rendered":"Como Evitar Erros Comuns na Ado\u00e7\u00e3o de IA: Um Guia Pr\u00e1tico"},"content":{"rendered":"<span class=\"span-reading-time rt-reading-time\" style=\"display: block;\"><span class=\"rt-label rt-prefix\">Reading time: <\/span> <span class=\"rt-time\"> 3<\/span> <span class=\"rt-label rt-postfix\">minutes - <\/span><\/span><section class=\"l-section wpb_row height_small\"><div class=\"l-section-h i-cf\"><div class=\"g-cols vc_row via_flex valign_top type_default stacking_default\"><div class=\"vc_col-sm-12 wpb_column vc_column_container\"><div class=\"vc_column-inner\"><div class=\"wpb_wrapper\"><div class=\"wpb_text_column\"><div class=\"wpb_wrapper\"><p>A ado\u00e7\u00e3o de <a href=\"https:\/\/www.flane.com.pa\/pt\/artificial-intelligence\" target=\"_blank\" rel=\"noopener\">intelig\u00eancia artificial (IA)<\/a> \u00e9 um processo semelhante ao treinamento para as Olimp\u00edadas: exige disciplina, planejamento e uma abordagem gradual. Assim como os corredores ol\u00edmpicos dedicam anos ao treinamento antes de alcan\u00e7ar a excel\u00eancia, as organiza\u00e7\u00f5es que buscam se tornar maduras em IA devem seguir um roteiro estruturado para evitar armadilhas comuns e alcan\u00e7ar o sucesso.<\/p>\n<p>Neste artigo, abordaremos as fases essenciais para a ado\u00e7\u00e3o de IA, conforme recomendado por um recente relat\u00f3rio da <a href=\"https:\/\/www.gartner.com.br\/pt-br\" target=\"_blank\" rel=\"noopener\">Gartner\u00ae<\/a>. Atrav\u00e9s dessas fases, as empresas podem maximizar suas chances de implementa\u00e7\u00e3o bem-sucedida e otimizar os resultados.<\/p>\n<h3>1. Planejamento: comece pequeno<\/h3>\n<p>Assim como um atleta come\u00e7a com corridas curtas antes de tentar uma maratona, as organiza\u00e7\u00f5es devem iniciar sua jornada de IA com projetos menores. Identifique e recrute um campe\u00e3o interno para liderar os esfor\u00e7os, e estabele\u00e7a de tr\u00eas a seis casos de uso com resultados mensur\u00e1veis que beneficiem sua linha de neg\u00f3cios. O planejamento cuidadoso e a defini\u00e7\u00e3o de uma estrat\u00e9gia clara s\u00e3o fundamentais para evitar expectativas irreais e frustra\u00e7\u00f5es.<\/p>\n<h3>2. Experimenta\u00e7\u00e3o: pratique e aprenda<\/h3>\n<p>A pr\u00e1tica leva \u00e0 perfei\u00e7\u00e3o. Invista em pessoas, processos e tecnologias que facilitem a transi\u00e7\u00e3o entre fases, como a cria\u00e7\u00e3o de um Centro de Excel\u00eancia (COE) e o ensino de conhecimentos pr\u00e1ticos sobre APIs de IA na <a href=\"https:\/\/www.flane.com.pa\/pt\/cloud-training\" target=\"_blank\" rel=\"noopener\">nuvem<\/a>. Estabele\u00e7a metas realistas, experimente e n\u00e3o tenha medo de mudar de estrat\u00e9gia conforme necess\u00e1rio. A flexibilidade e a disposi\u00e7\u00e3o para ajustar o curso s\u00e3o vitais para o sucesso.<\/p>\n<\/div><\/div><div class=\"w-separator size_small\"><\/div><div class=\"wpb_text_column\"><div class=\"wpb_wrapper\"><h3>3. Estabiliza\u00e7\u00e3o: estabele\u00e7a governan\u00e7a<\/h3>\n<p>Nesta fase, a governan\u00e7a de IA deve estar em vigor. Os primeiros casos de uso de IA est\u00e3o em produ\u00e7\u00e3o, e sua equipe de implementa\u00e7\u00e3o inicial deve ter pol\u00edticas eficazes para mitigar riscos e garantir a conformidade. Este ponto \u00e9 crucial para estabilizar os planos e preparar a expans\u00e3o para casos de uso mais complexos. Com objetivos estrat\u00e9gicos definidos e recursos em m\u00e3os, finalize a estrutura organizacional e os processos para o desenvolvimento e a implanta\u00e7\u00e3o de IA.<\/p>\n<h3>4. Expans\u00e3o: construindo o momento<\/h3>\n<p>\u00c0 medida que os casos de uso iniciais provam seu valor, \u00e9 natural que os custos aumentem com a contrata\u00e7\u00e3o de mais pessoal, o aprimoramento das habilidades dos funcion\u00e1rios e a amplia\u00e7\u00e3o da infraestrutura. \u00c9 crucial rastrear os gastos e demonstrar progresso em rela\u00e7\u00e3o \u00e0s metas estabelecidas para aprender com os esfor\u00e7os e manter a transpar\u00eancia com os stakeholders. Assim como no treinamento de corrida, o processo de ado\u00e7\u00e3o de IA deve ser de melhoria cont\u00ednua.<\/p>\n<h3>5. Lideran\u00e7a: fomentando uma cultura de IA<\/h3>\n<p>Para que a IA seja bem-sucedida, \u00e9 essencial criar uma cultura &#8220;IA-first&#8221;, onde todos os trabalhadores entendam as for\u00e7as e fraquezas da IA para serem produtivos e inovar com seguran\u00e7a. A transpar\u00eancia, o treinamento cont\u00ednuo e o uso compartilhado da IA entre as unidades de neg\u00f3cios s\u00e3o aspectos cruciais para a implementa\u00e7\u00e3o bem-sucedida.<\/p>\n<h3>Li\u00e7\u00f5es do cemit\u00e9rio de IA: evitando armadilhas comuns<\/h3>\n<p>A jornada de ado\u00e7\u00e3o de IA pode variar de uma organiza\u00e7\u00e3o para outra, e isso \u00e9 perfeitamente normal. Evite ceder \u00e0 press\u00e3o dos pares e foque na cria\u00e7\u00e3o de um uso respons\u00e1vel de IA que reduza os riscos tecnol\u00f3gicos e opere dentro dos recursos dispon\u00edveis. Aqui est\u00e3o algumas li\u00e7\u00f5es valiosas:<\/p>\n<ul>\n<li>Escolha seu primeiro projeto com cuidado; muitos projetos de IA falham na implementa\u00e7\u00e3o.<\/li>\n<li>N\u00e3o subestime o tempo necess\u00e1rio para a implanta\u00e7\u00e3o.<\/li>\n<li>Assegure-se de que sua equipe tenha as habilidades, a capacidade e a experi\u00eancia adequadas para aproveitar as tend\u00eancias de IA.<\/li>\n<\/ul>\n<h3>Conclus\u00e3o: cada jornada \u00e9 \u00fanica<\/h3>\n<p>Segundo a Gartner, &#8220;at\u00e9 2025, 70% das empresas ter\u00e3o operacionalizado arquiteturas de IA devido \u00e0 r\u00e1pida maturidade das plataformas de orquestra\u00e7\u00e3o de IA&#8221;. No entanto, n\u00e3o se desanime se voc\u00ea estiver nos 30% que ainda n\u00e3o chegaram l\u00e1. Cada organiza\u00e7\u00e3o deve adotar a IA no ritmo certo para elas. Algumas podem se considerar atrasadas, mas est\u00e3o aprendendo com seus pares e tomando as medidas necess\u00e1rias para garantir uma implementa\u00e7\u00e3o de IA bem-sucedida.<\/p>\n<p>Leia o relat\u00f3rio complementar para saber mais sobre indicadores de ado\u00e7\u00e3o e recomenda\u00e7\u00f5es para garantir que os dados estejam no centro de sua estrat\u00e9gia.<\/p>\n<\/div><\/div><\/div><\/div><\/div><\/div><\/div><\/section>\n","protected":false},"excerpt":{"rendered":"A ado\u00e7\u00e3o de intelig\u00eancia artificial (IA) \u00e9 um processo semelhante ao treinamento para as Olimp\u00edadas: exige disciplina, planejamento e uma abordagem gradual. Assim como os corredores ol\u00edmpicos dedicam anos ao treinamento antes de alcan\u00e7ar a excel\u00eancia, as organiza\u00e7\u00f5es que buscam se tornar maduras em IA devem seguir um roteiro estruturado para evitar armadilhas comuns e...","protected":false},"author":4,"featured_media":9864,"comment_status":"closed","ping_status":"closed","sticky":false,"template":"","format":"standard","meta":{"_acf_changed":false,"footnotes":""},"categories":[1866],"tags":[],"class_list":["post-9869","post","type-post","status-publish","format-standard","has-post-thumbnail","hentry","category-ai-pt"],"acf":[],"yoast_head":"<!-- This site is optimized with the Yoast SEO plugin v26.6 - https:\/\/yoast.com\/wordpress\/plugins\/seo\/ -->\n<title>Como Evitar Erros Comuns na Ado\u00e7\u00e3o de IA: Um Guia Pr\u00e1tico<\/title>\n<meta name=\"description\" content=\"Evite erros comuns na ado\u00e7\u00e3o de IA e aprenda como sua organiza\u00e7\u00e3o pode seguir um roteiro estruturado para maximizar as chances de sucesso com as recomenda\u00e7\u00f5es da Gartner.\" \/>\n<meta name=\"robots\" content=\"index, follow, max-snippet:-1, max-image-preview:large, max-video-preview:-1\" \/>\n<link rel=\"canonical\" href=\"https:\/\/www.flane.com.pa\/blog\/pt\/como-evitar-erros-comuns-na-adocao-de-ia-um-guia-pratico\/\" \/>\n<meta property=\"og:locale\" content=\"pt_BR\" \/>\n<meta property=\"og:type\" content=\"article\" \/>\n<meta property=\"og:title\" content=\"Como Evitar Erros Comuns na Ado\u00e7\u00e3o de IA: Um Guia Pr\u00e1tico\" \/>\n<meta property=\"og:description\" content=\"Evite erros comuns na ado\u00e7\u00e3o de IA e aprenda como sua organiza\u00e7\u00e3o pode seguir um roteiro estruturado para maximizar as chances de sucesso com as recomenda\u00e7\u00f5es da Gartner.\" \/>\n<meta property=\"og:url\" content=\"https:\/\/www.flane.com.pa\/blog\/pt\/como-evitar-erros-comuns-na-adocao-de-ia-um-guia-pratico\/\" \/>\n<meta property=\"og:site_name\" content=\"TechTalk powered by Fast Lane LATAM\" \/>\n<meta property=\"article:publisher\" content=\"https:\/\/www.facebook.com\/FastLane.br\" \/>\n<meta property=\"article:published_time\" content=\"2024-08-27T01:41:37+00:00\" \/>\n<meta property=\"article:modified_time\" content=\"2024-09-23T13:27:36+00:00\" \/>\n<meta property=\"og:image\" content=\"https:\/\/www.flane.com.pa\/blog\/wp-content\/uploads\/2024\/08\/Firefly-Como-Evitar-Errores-Comunes-en-la-Adopcion-de-Inteligencia-Artificial-Una-Guia-Practica-T-scaled.jpg\" \/>\n\t<meta property=\"og:image:width\" content=\"2560\" \/>\n\t<meta property=\"og:image:height\" content=\"1463\" \/>\n\t<meta property=\"og:image:type\" content=\"image\/jpeg\" \/>\n<meta name=\"author\" content=\"Raphael Silva\" \/>\n<meta name=\"twitter:card\" content=\"summary_large_image\" \/>\n<meta name=\"twitter:creator\" content=\"@FastLaneBr\" \/>\n<meta name=\"twitter:site\" content=\"@FastLaneBr\" \/>\n<meta name=\"twitter:label1\" content=\"Escrito por\" \/>\n\t<meta name=\"twitter:data1\" content=\"Raphael Silva\" \/>\n\t<meta name=\"twitter:label2\" content=\"Est. tempo de leitura\" \/>\n\t<meta name=\"twitter:data2\" content=\"4 minutos\" \/>\n<script type=\"application\/ld+json\" class=\"yoast-schema-graph\">{\"@context\":\"https:\/\/schema.org\",\"@graph\":[{\"@type\":\"Article\",\"@id\":\"https:\/\/www.flane.com.pa\/blog\/pt\/como-evitar-erros-comuns-na-adocao-de-ia-um-guia-pratico\/#article\",\"isPartOf\":{\"@id\":\"https:\/\/www.flane.com.pa\/blog\/pt\/como-evitar-erros-comuns-na-adocao-de-ia-um-guia-pratico\/\"},\"author\":{\"name\":\"Raphael Silva\",\"@id\":\"https:\/\/www.flane.com.pa\/blog\/#\/schema\/person\/66f8cee02bae15c21d313fe84f1a23ef\"},\"headline\":\"Como Evitar Erros Comuns na Ado\u00e7\u00e3o de IA: Um Guia Pr\u00e1tico\",\"datePublished\":\"2024-08-27T01:41:37+00:00\",\"dateModified\":\"2024-09-23T13:27:36+00:00\",\"mainEntityOfPage\":{\"@id\":\"https:\/\/www.flane.com.pa\/blog\/pt\/como-evitar-erros-comuns-na-adocao-de-ia-um-guia-pratico\/\"},\"wordCount\":776,\"publisher\":{\"@id\":\"https:\/\/www.flane.com.pa\/blog\/#organization\"},\"image\":{\"@id\":\"https:\/\/www.flane.com.pa\/blog\/pt\/como-evitar-erros-comuns-na-adocao-de-ia-um-guia-pratico\/#primaryimage\"},\"thumbnailUrl\":\"https:\/\/www.flane.com.pa\/blog\/wp-content\/uploads\/2024\/08\/Firefly-Como-Evitar-Errores-Comunes-en-la-Adopcion-de-Inteligencia-Artificial-Una-Guia-Practica-T-scaled.jpg\",\"articleSection\":[\"Artificial Intelligence\"],\"inLanguage\":\"pt-BR\"},{\"@type\":\"WebPage\",\"@id\":\"https:\/\/www.flane.com.pa\/blog\/pt\/como-evitar-erros-comuns-na-adocao-de-ia-um-guia-pratico\/\",\"url\":\"https:\/\/www.flane.com.pa\/blog\/pt\/como-evitar-erros-comuns-na-adocao-de-ia-um-guia-pratico\/\",\"name\":\"Como Evitar Erros Comuns na Ado\u00e7\u00e3o de IA: Um Guia Pr\u00e1tico\",\"isPartOf\":{\"@id\":\"https:\/\/www.flane.com.pa\/blog\/#website\"},\"primaryImageOfPage\":{\"@id\":\"https:\/\/www.flane.com.pa\/blog\/pt\/como-evitar-erros-comuns-na-adocao-de-ia-um-guia-pratico\/#primaryimage\"},\"image\":{\"@id\":\"https:\/\/www.flane.com.pa\/blog\/pt\/como-evitar-erros-comuns-na-adocao-de-ia-um-guia-pratico\/#primaryimage\"},\"thumbnailUrl\":\"https:\/\/www.flane.com.pa\/blog\/wp-content\/uploads\/2024\/08\/Firefly-Como-Evitar-Errores-Comunes-en-la-Adopcion-de-Inteligencia-Artificial-Una-Guia-Practica-T-scaled.jpg\",\"datePublished\":\"2024-08-27T01:41:37+00:00\",\"dateModified\":\"2024-09-23T13:27:36+00:00\",\"description\":\"Evite erros comuns na ado\u00e7\u00e3o de IA e aprenda como sua organiza\u00e7\u00e3o pode seguir um roteiro estruturado para maximizar as chances de sucesso com as recomenda\u00e7\u00f5es da Gartner.\",\"breadcrumb\":{\"@id\":\"https:\/\/www.flane.com.pa\/blog\/pt\/como-evitar-erros-comuns-na-adocao-de-ia-um-guia-pratico\/#breadcrumb\"},\"inLanguage\":\"pt-BR\",\"potentialAction\":[{\"@type\":\"ReadAction\",\"target\":[\"https:\/\/www.flane.com.pa\/blog\/pt\/como-evitar-erros-comuns-na-adocao-de-ia-um-guia-pratico\/\"]}]},{\"@type\":\"ImageObject\",\"inLanguage\":\"pt-BR\",\"@id\":\"https:\/\/www.flane.com.pa\/blog\/pt\/como-evitar-erros-comuns-na-adocao-de-ia-um-guia-pratico\/#primaryimage\",\"url\":\"https:\/\/www.flane.com.pa\/blog\/wp-content\/uploads\/2024\/08\/Firefly-Como-Evitar-Errores-Comunes-en-la-Adopcion-de-Inteligencia-Artificial-Una-Guia-Practica-T-scaled.jpg\",\"contentUrl\":\"https:\/\/www.flane.com.pa\/blog\/wp-content\/uploads\/2024\/08\/Firefly-Como-Evitar-Errores-Comunes-en-la-Adopcion-de-Inteligencia-Artificial-Una-Guia-Practica-T-scaled.jpg\",\"width\":2560,\"height\":1463,\"caption\":\"C\u00f3mo Evitar Errores Comunes en la Adopci\u00f3n de IA: Una Gu\u00eda Pr\u00e1ctica\"},{\"@type\":\"BreadcrumbList\",\"@id\":\"https:\/\/www.flane.com.pa\/blog\/pt\/como-evitar-erros-comuns-na-adocao-de-ia-um-guia-pratico\/#breadcrumb\",\"itemListElement\":[{\"@type\":\"ListItem\",\"position\":1,\"name\":\"Home\",\"item\":\"https:\/\/www.flane.com.pa\/blog\/es\/\"},{\"@type\":\"ListItem\",\"position\":2,\"name\":\"Como Evitar Erros Comuns na Ado\u00e7\u00e3o de IA: Um Guia Pr\u00e1tico\"}]},{\"@type\":\"WebSite\",\"@id\":\"https:\/\/www.flane.com.pa\/blog\/#website\",\"url\":\"https:\/\/www.flane.com.pa\/blog\/\",\"name\":\"TechTalk powered by Fast Lane LATAM\",\"description\":\"Sharing ideas and knowledge on IT training and certification\",\"publisher\":{\"@id\":\"https:\/\/www.flane.com.pa\/blog\/#organization\"},\"potentialAction\":[{\"@type\":\"SearchAction\",\"target\":{\"@type\":\"EntryPoint\",\"urlTemplate\":\"https:\/\/www.flane.com.pa\/blog\/?s={search_term_string}\"},\"query-input\":{\"@type\":\"PropertyValueSpecification\",\"valueRequired\":true,\"valueName\":\"search_term_string\"}}],\"inLanguage\":\"pt-BR\"},{\"@type\":\"Organization\",\"@id\":\"https:\/\/www.flane.com.pa\/blog\/#organization\",\"name\":\"Fast Lane Brasil\",\"url\":\"https:\/\/www.flane.com.pa\/blog\/\",\"logo\":{\"@type\":\"ImageObject\",\"inLanguage\":\"pt-BR\",\"@id\":\"https:\/\/www.flane.com.pa\/blog\/#\/schema\/logo\/image\/\",\"url\":\"https:\/\/www.flane.com.pa\/blog\/wp-content\/uploads\/2019\/10\/fast-lane-ng3.png\",\"contentUrl\":\"https:\/\/www.flane.com.pa\/blog\/wp-content\/uploads\/2019\/10\/fast-lane-ng3.png\",\"width\":209,\"height\":31,\"caption\":\"Fast Lane Brasil\"},\"image\":{\"@id\":\"https:\/\/www.flane.com.pa\/blog\/#\/schema\/logo\/image\/\"},\"sameAs\":[\"https:\/\/www.facebook.com\/FastLane.br\",\"https:\/\/x.com\/FastLaneBr\",\"https:\/\/www.instagram.com\/fastlane.br\/\",\"https:\/\/www.linkedin.com\/company\/fastlanebr\"]},{\"@type\":\"Person\",\"@id\":\"https:\/\/www.flane.com.pa\/blog\/#\/schema\/person\/66f8cee02bae15c21d313fe84f1a23ef\",\"name\":\"Raphael Silva\",\"image\":{\"@type\":\"ImageObject\",\"inLanguage\":\"pt-BR\",\"@id\":\"https:\/\/www.flane.com.pa\/blog\/#\/schema\/person\/image\/\",\"url\":\"https:\/\/secure.gravatar.com\/avatar\/d6544a4fdb6ed1a7de1302d302242d764aa577be63274ace47cb3f901b768011?s=96&d=mm&r=g\",\"contentUrl\":\"https:\/\/secure.gravatar.com\/avatar\/d6544a4fdb6ed1a7de1302d302242d764aa577be63274ace47cb3f901b768011?s=96&d=mm&r=g\",\"caption\":\"Raphael Silva\"},\"description\":\"Director de Marketing para las Am\u00e9ricas de Fast Lane, 20 a\u00f1os de experiencia en marketing y 10 a\u00f1os liderando, acelerando y haciendo crecer empresas en diferentes segmentos de mercado. Emprendedora con un MBA en Marketing, Branding y Crecimiento y una licenciatura en Comunicaci\u00f3n Social - Periodismo, soy especialista certificada en Inbound Marketing con experiencia en marketing estrat\u00e9gico B2B y B2C, con resultados comprobados en crecimiento de ingresos, gesti\u00f3n de costos, mejora de procesos e impulso del cambio empresarial. Hablo portugu\u00e9s e ingl\u00e9s con fluidez, y domino el espa\u00f1ol.\",\"sameAs\":[\"https:\/\/www.linkedin.com\/in\/raphagsilva\/\"],\"url\":\"https:\/\/www.flane.com.pa\/blog\/author\/raphaelsilva\/\"}]}<\/script>\n<!-- \/ Yoast SEO plugin. -->","yoast_head_json":{"title":"Como Evitar Erros Comuns na Ado\u00e7\u00e3o de IA: Um Guia Pr\u00e1tico","description":"Evite erros comuns na ado\u00e7\u00e3o de IA e aprenda como sua organiza\u00e7\u00e3o pode seguir um roteiro estruturado para maximizar as chances de sucesso com as recomenda\u00e7\u00f5es da Gartner.","robots":{"index":"index","follow":"follow","max-snippet":"max-snippet:-1","max-image-preview":"max-image-preview:large","max-video-preview":"max-video-preview:-1"},"canonical":"https:\/\/www.flane.com.pa\/blog\/pt\/como-evitar-erros-comuns-na-adocao-de-ia-um-guia-pratico\/","og_locale":"pt_BR","og_type":"article","og_title":"Como Evitar Erros Comuns na Ado\u00e7\u00e3o de IA: Um Guia Pr\u00e1tico","og_description":"Evite erros comuns na ado\u00e7\u00e3o de IA e aprenda como sua organiza\u00e7\u00e3o pode seguir um roteiro estruturado para maximizar as chances de sucesso com as recomenda\u00e7\u00f5es da Gartner.","og_url":"https:\/\/www.flane.com.pa\/blog\/pt\/como-evitar-erros-comuns-na-adocao-de-ia-um-guia-pratico\/","og_site_name":"TechTalk powered by Fast Lane LATAM","article_publisher":"https:\/\/www.facebook.com\/FastLane.br","article_published_time":"2024-08-27T01:41:37+00:00","article_modified_time":"2024-09-23T13:27:36+00:00","og_image":[{"width":2560,"height":1463,"url":"https:\/\/www.flane.com.pa\/blog\/wp-content\/uploads\/2024\/08\/Firefly-Como-Evitar-Errores-Comunes-en-la-Adopcion-de-Inteligencia-Artificial-Una-Guia-Practica-T-scaled.jpg","type":"image\/jpeg"}],"author":"Raphael Silva","twitter_card":"summary_large_image","twitter_creator":"@FastLaneBr","twitter_site":"@FastLaneBr","twitter_misc":{"Escrito por":"Raphael Silva","Est. tempo de leitura":"4 minutos"},"schema":{"@context":"https:\/\/schema.org","@graph":[{"@type":"Article","@id":"https:\/\/www.flane.com.pa\/blog\/pt\/como-evitar-erros-comuns-na-adocao-de-ia-um-guia-pratico\/#article","isPartOf":{"@id":"https:\/\/www.flane.com.pa\/blog\/pt\/como-evitar-erros-comuns-na-adocao-de-ia-um-guia-pratico\/"},"author":{"name":"Raphael Silva","@id":"https:\/\/www.flane.com.pa\/blog\/#\/schema\/person\/66f8cee02bae15c21d313fe84f1a23ef"},"headline":"Como Evitar Erros Comuns na Ado\u00e7\u00e3o de IA: Um Guia Pr\u00e1tico","datePublished":"2024-08-27T01:41:37+00:00","dateModified":"2024-09-23T13:27:36+00:00","mainEntityOfPage":{"@id":"https:\/\/www.flane.com.pa\/blog\/pt\/como-evitar-erros-comuns-na-adocao-de-ia-um-guia-pratico\/"},"wordCount":776,"publisher":{"@id":"https:\/\/www.flane.com.pa\/blog\/#organization"},"image":{"@id":"https:\/\/www.flane.com.pa\/blog\/pt\/como-evitar-erros-comuns-na-adocao-de-ia-um-guia-pratico\/#primaryimage"},"thumbnailUrl":"https:\/\/www.flane.com.pa\/blog\/wp-content\/uploads\/2024\/08\/Firefly-Como-Evitar-Errores-Comunes-en-la-Adopcion-de-Inteligencia-Artificial-Una-Guia-Practica-T-scaled.jpg","articleSection":["Artificial Intelligence"],"inLanguage":"pt-BR"},{"@type":"WebPage","@id":"https:\/\/www.flane.com.pa\/blog\/pt\/como-evitar-erros-comuns-na-adocao-de-ia-um-guia-pratico\/","url":"https:\/\/www.flane.com.pa\/blog\/pt\/como-evitar-erros-comuns-na-adocao-de-ia-um-guia-pratico\/","name":"Como Evitar Erros Comuns na Ado\u00e7\u00e3o de IA: Um Guia Pr\u00e1tico","isPartOf":{"@id":"https:\/\/www.flane.com.pa\/blog\/#website"},"primaryImageOfPage":{"@id":"https:\/\/www.flane.com.pa\/blog\/pt\/como-evitar-erros-comuns-na-adocao-de-ia-um-guia-pratico\/#primaryimage"},"image":{"@id":"https:\/\/www.flane.com.pa\/blog\/pt\/como-evitar-erros-comuns-na-adocao-de-ia-um-guia-pratico\/#primaryimage"},"thumbnailUrl":"https:\/\/www.flane.com.pa\/blog\/wp-content\/uploads\/2024\/08\/Firefly-Como-Evitar-Errores-Comunes-en-la-Adopcion-de-Inteligencia-Artificial-Una-Guia-Practica-T-scaled.jpg","datePublished":"2024-08-27T01:41:37+00:00","dateModified":"2024-09-23T13:27:36+00:00","description":"Evite erros comuns na ado\u00e7\u00e3o de IA e aprenda como sua organiza\u00e7\u00e3o pode seguir um roteiro estruturado para maximizar as chances de sucesso com as recomenda\u00e7\u00f5es da Gartner.","breadcrumb":{"@id":"https:\/\/www.flane.com.pa\/blog\/pt\/como-evitar-erros-comuns-na-adocao-de-ia-um-guia-pratico\/#breadcrumb"},"inLanguage":"pt-BR","potentialAction":[{"@type":"ReadAction","target":["https:\/\/www.flane.com.pa\/blog\/pt\/como-evitar-erros-comuns-na-adocao-de-ia-um-guia-pratico\/"]}]},{"@type":"ImageObject","inLanguage":"pt-BR","@id":"https:\/\/www.flane.com.pa\/blog\/pt\/como-evitar-erros-comuns-na-adocao-de-ia-um-guia-pratico\/#primaryimage","url":"https:\/\/www.flane.com.pa\/blog\/wp-content\/uploads\/2024\/08\/Firefly-Como-Evitar-Errores-Comunes-en-la-Adopcion-de-Inteligencia-Artificial-Una-Guia-Practica-T-scaled.jpg","contentUrl":"https:\/\/www.flane.com.pa\/blog\/wp-content\/uploads\/2024\/08\/Firefly-Como-Evitar-Errores-Comunes-en-la-Adopcion-de-Inteligencia-Artificial-Una-Guia-Practica-T-scaled.jpg","width":2560,"height":1463,"caption":"C\u00f3mo Evitar Errores Comunes en la Adopci\u00f3n de IA: Una Gu\u00eda Pr\u00e1ctica"},{"@type":"BreadcrumbList","@id":"https:\/\/www.flane.com.pa\/blog\/pt\/como-evitar-erros-comuns-na-adocao-de-ia-um-guia-pratico\/#breadcrumb","itemListElement":[{"@type":"ListItem","position":1,"name":"Home","item":"https:\/\/www.flane.com.pa\/blog\/es\/"},{"@type":"ListItem","position":2,"name":"Como Evitar Erros Comuns na Ado\u00e7\u00e3o de IA: Um Guia Pr\u00e1tico"}]},{"@type":"WebSite","@id":"https:\/\/www.flane.com.pa\/blog\/#website","url":"https:\/\/www.flane.com.pa\/blog\/","name":"TechTalk powered by Fast Lane LATAM","description":"Sharing ideas and knowledge on IT training and certification","publisher":{"@id":"https:\/\/www.flane.com.pa\/blog\/#organization"},"potentialAction":[{"@type":"SearchAction","target":{"@type":"EntryPoint","urlTemplate":"https:\/\/www.flane.com.pa\/blog\/?s={search_term_string}"},"query-input":{"@type":"PropertyValueSpecification","valueRequired":true,"valueName":"search_term_string"}}],"inLanguage":"pt-BR"},{"@type":"Organization","@id":"https:\/\/www.flane.com.pa\/blog\/#organization","name":"Fast Lane Brasil","url":"https:\/\/www.flane.com.pa\/blog\/","logo":{"@type":"ImageObject","inLanguage":"pt-BR","@id":"https:\/\/www.flane.com.pa\/blog\/#\/schema\/logo\/image\/","url":"https:\/\/www.flane.com.pa\/blog\/wp-content\/uploads\/2019\/10\/fast-lane-ng3.png","contentUrl":"https:\/\/www.flane.com.pa\/blog\/wp-content\/uploads\/2019\/10\/fast-lane-ng3.png","width":209,"height":31,"caption":"Fast Lane Brasil"},"image":{"@id":"https:\/\/www.flane.com.pa\/blog\/#\/schema\/logo\/image\/"},"sameAs":["https:\/\/www.facebook.com\/FastLane.br","https:\/\/x.com\/FastLaneBr","https:\/\/www.instagram.com\/fastlane.br\/","https:\/\/www.linkedin.com\/company\/fastlanebr"]},{"@type":"Person","@id":"https:\/\/www.flane.com.pa\/blog\/#\/schema\/person\/66f8cee02bae15c21d313fe84f1a23ef","name":"Raphael Silva","image":{"@type":"ImageObject","inLanguage":"pt-BR","@id":"https:\/\/www.flane.com.pa\/blog\/#\/schema\/person\/image\/","url":"https:\/\/secure.gravatar.com\/avatar\/d6544a4fdb6ed1a7de1302d302242d764aa577be63274ace47cb3f901b768011?s=96&d=mm&r=g","contentUrl":"https:\/\/secure.gravatar.com\/avatar\/d6544a4fdb6ed1a7de1302d302242d764aa577be63274ace47cb3f901b768011?s=96&d=mm&r=g","caption":"Raphael Silva"},"description":"Director de Marketing para las Am\u00e9ricas de Fast Lane, 20 a\u00f1os de experiencia en marketing y 10 a\u00f1os liderando, acelerando y haciendo crecer empresas en diferentes segmentos de mercado. Emprendedora con un MBA en Marketing, Branding y Crecimiento y una licenciatura en Comunicaci\u00f3n Social - Periodismo, soy especialista certificada en Inbound Marketing con experiencia en marketing estrat\u00e9gico B2B y B2C, con resultados comprobados en crecimiento de ingresos, gesti\u00f3n de costos, mejora de procesos e impulso del cambio empresarial. Hablo portugu\u00e9s e ingl\u00e9s con fluidez, y domino el espa\u00f1ol.","sameAs":["https:\/\/www.linkedin.com\/in\/raphagsilva\/"],"url":"https:\/\/www.flane.com.pa\/blog\/author\/raphaelsilva\/"}]}},"_links":{"self":[{"href":"https:\/\/www.flane.com.pa\/blog\/wp-json\/wp\/v2\/posts\/9869","targetHints":{"allow":["GET"]}}],"collection":[{"href":"https:\/\/www.flane.com.pa\/blog\/wp-json\/wp\/v2\/posts"}],"about":[{"href":"https:\/\/www.flane.com.pa\/blog\/wp-json\/wp\/v2\/types\/post"}],"author":[{"embeddable":true,"href":"https:\/\/www.flane.com.pa\/blog\/wp-json\/wp\/v2\/users\/4"}],"replies":[{"embeddable":true,"href":"https:\/\/www.flane.com.pa\/blog\/wp-json\/wp\/v2\/comments?post=9869"}],"version-history":[{"count":3,"href":"https:\/\/www.flane.com.pa\/blog\/wp-json\/wp\/v2\/posts\/9869\/revisions"}],"predecessor-version":[{"id":10194,"href":"https:\/\/www.flane.com.pa\/blog\/wp-json\/wp\/v2\/posts\/9869\/revisions\/10194"}],"wp:featuredmedia":[{"embeddable":true,"href":"https:\/\/www.flane.com.pa\/blog\/wp-json\/wp\/v2\/media\/9864"}],"wp:attachment":[{"href":"https:\/\/www.flane.com.pa\/blog\/wp-json\/wp\/v2\/media?parent=9869"}],"wp:term":[{"taxonomy":"category","embeddable":true,"href":"https:\/\/www.flane.com.pa\/blog\/wp-json\/wp\/v2\/categories?post=9869"},{"taxonomy":"post_tag","embeddable":true,"href":"https:\/\/www.flane.com.pa\/blog\/wp-json\/wp\/v2\/tags?post=9869"}],"curies":[{"name":"wp","href":"https:\/\/api.w.org\/{rel}","templated":true}]}}